{"id":9864,"date":"2023-09-19T14:51:56","date_gmt":"2023-09-19T12:51:56","guid":{"rendered":"https:\/\/www.aiguesmanresa.cat\/se-han-terminado-las-plazas-presenciales-a-la-3a-jornada-tecnica-del-agua\/"},"modified":"2023-09-19T14:51:57","modified_gmt":"2023-09-19T12:51:57","slug":"se-han-terminado-las-plazas-presenciales-a-la-3a-jornada-tecnica-del-agua","status":"publish","type":"post","link":"https:\/\/www.aiguesmanresa.cat\/es\/se-han-terminado-las-plazas-presenciales-a-la-3a-jornada-tecnica-del-agua\/","title":{"rendered":"Se han terminado las plazas presenciales a la 3a Jornada T\u00e9cnica del Agua"},"content":{"rendered":"<p>[et_pb_section fb_built=\u00bb1&#8243; theme_builder_area=\u00bbpost_content\u00bb _builder_version=\u00bb4.21.2&#8243; _module_preset=\u00bbdefault\u00bb][et_pb_row _builder_version=\u00bb4.21.2&#8243; _module_preset=\u00bbdefault\u00bb theme_builder_area=\u00bbpost_content\u00bb][et_pb_column _builder_version=\u00bb4.21.2&#8243; _module_preset=\u00bbdefault\u00bb type=\u00bb4_4&#8243; theme_builder_area=\u00bbpost_content\u00bb][et_pb_text _builder_version=\u00bb4.21.2&#8243; _module_preset=\u00bbdefault\u00bb theme_builder_area=\u00bbpost_content\u00bb hover_enabled=\u00bb0&#8243; sticky_enabled=\u00bb0&#8243;]<\/p>\n<p id=\"tw-target-text\" class=\"tw-data-text tw-text-large tw-ta\" dir=\"ltr\" data-placeholder=\"Traducci\u00f3\"><span class=\"Y2IQFc\" lang=\"es\">Las plazas presenciales por la 3a Jornada T\u00e9cnica del Agua del 19 de octubre, se han agotado. <\/span><\/p>\n<p class=\"tw-data-text tw-text-large tw-ta\" dir=\"ltr\" data-placeholder=\"Traducci\u00f3\"><span class=\"Y2IQFc\" lang=\"es\">La Jornada tambi\u00e9n se podr\u00e1 seguir en directo desde el canal de Youtube de Aig\u00fces Manresa: <a href=\"https:\/\/www.youtube.com\/@aiguesmanresa1982\">https:\/\/www.youtube.com\/@aiguesmanresa1982<\/a><\/span><\/p>\n<p class=\"tw-data-text tw-text-large tw-ta\" dir=\"ltr\" data-placeholder=\"Traducci\u00f3\"><span class=\"Y2IQFc\" lang=\"es\">Y hay un cambio en el programa, Marta Oliver del Ayuntamiento de Sant Cugat del Vall\u00e9s no podr\u00e1 estar, y en su lugar, contaremos con Gianluigi Buttiglieri y Joaquim Comas del ICRA, que nos hablar\u00e1n sobre Tecnolog\u00edas innovadoras por la reutilizaci\u00f3n de aguas grises. Puede consultar el programa completo aqu\u00ed: <a href=\"https:\/\/www.aiguesmanresa.cat\/es\/ya-tenemos-fecha-y-programa-para-la-3a-jornada-tecnica-del-agua\/\">https:\/\/www.aiguesmanresa.cat\/ja-tenim-data-i-programa-per-la-3a-jornada-tecnica-de-laigua\/<\/a><\/span><\/p>\n<p>[\/et_pb_text][et_pb_image src=\u00bbhttps:\/\/www.aiguesmanresa.cat\/wp-content\/uploads\/2023\/09\/icra-scaled.jpg\u00bb _builder_version=\u00bb4.21.2&#8243; _module_preset=\u00bbdefault\u00bb theme_builder_area=\u00bbpost_content\u00bb title_text=\u00bbicra\u00bb hover_enabled=\u00bb0&#8243; sticky_enabled=\u00bb0&#8243;][\/et_pb_image][\/et_pb_column][\/et_pb_row][\/et_pb_section]<\/p>\n","protected":false},"excerpt":{"rendered":"<p>Las plazas presenciales por la 3a Jornada T\u00e9cnica del Agua del 19 de octubre, se han agotado. La Jornada tambi\u00e9n se podr\u00e1 seguir en directo desde el canal de Youtube de Aig\u00fces Manresa: https:\/\/www.youtube.com\/@aiguesmanresa1982 Y hay un cambio en el programa, Marta Oliver del Ayuntamiento de Sant Cugat del Vall\u00e9s no podr\u00e1 estar, y en [&hellip;]<\/p>\n","protected":false},"author":4,"featured_media":9631,"comment_status":"closed","ping_status":"closed","sticky":false,"template":"","format":"standard","meta":{"_et_pb_use_builder":"on","_et_pb_old_content":"","_et_gb_content_width":"","footnotes":""},"categories":[64,41],"tags":[],"class_list":["post-9864","post","type-post","status-publish","format-standard","has-post-thumbnail","hentry","category-responsabilidad-social-corporativa","category-empresa-es"],"_links":{"self":[{"href":"https:\/\/www.aiguesmanresa.cat\/es\/wp-json\/wp\/v2\/posts\/9864","targetHints":{"allow":["GET"]}}],"collection":[{"href":"https:\/\/www.aiguesmanresa.cat\/es\/wp-json\/wp\/v2\/posts"}],"about":[{"href":"https:\/\/www.aiguesmanresa.cat\/es\/wp-json\/wp\/v2\/types\/post"}],"author":[{"embeddable":true,"href":"https:\/\/www.aiguesmanresa.cat\/es\/wp-json\/wp\/v2\/users\/4"}],"replies":[{"embeddable":true,"href":"https:\/\/www.aiguesmanresa.cat\/es\/wp-json\/wp\/v2\/comments?post=9864"}],"version-history":[{"count":0,"href":"https:\/\/www.aiguesmanresa.cat\/es\/wp-json\/wp\/v2\/posts\/9864\/revisions"}],"wp:featuredmedia":[{"embeddable":true,"href":"https:\/\/www.aiguesmanresa.cat\/es\/wp-json\/wp\/v2\/media\/9631"}],"wp:attachment":[{"href":"https:\/\/www.aiguesmanresa.cat\/es\/wp-json\/wp\/v2\/media?parent=9864"}],"wp:term":[{"taxonomy":"category","embeddable":true,"href":"https:\/\/www.aiguesmanresa.cat\/es\/wp-json\/wp\/v2\/categories?post=9864"},{"taxonomy":"post_tag","embeddable":true,"href":"https:\/\/www.aiguesmanresa.cat\/es\/wp-json\/wp\/v2\/tags?post=9864"}],"curies":[{"name":"wp","href":"https:\/\/api.w.org\/{rel}","templated":true}]}}