{"id":9635,"date":"2023-07-20T10:01:22","date_gmt":"2023-07-20T08:01:22","guid":{"rendered":"https:\/\/www.aiguesmanresa.cat\/ya-tenemos-fecha-y-programa-para-la-3a-jornada-tecnica-del-agua\/"},"modified":"2023-09-19T07:55:13","modified_gmt":"2023-09-19T05:55:13","slug":"ya-tenemos-fecha-y-programa-para-la-3a-jornada-tecnica-del-agua","status":"publish","type":"post","link":"https:\/\/www.aiguesmanresa.cat\/es\/ya-tenemos-fecha-y-programa-para-la-3a-jornada-tecnica-del-agua\/","title":{"rendered":"Ya tenemos fecha y programa para la 3a Jornada T\u00e9cnica del Agua"},"content":{"rendered":"<p>[et_pb_section fb_built=\u00bb1&#8243; _builder_version=\u00bb4.21.0&#8243; _module_preset=\u00bbdefault\u00bb global_colors_info=\u00bb{}\u00bb][et_pb_row _builder_version=\u00bb4.21.0&#8243; _module_preset=\u00bbdefault\u00bb global_colors_info=\u00bb{}\u00bb][et_pb_column type=\u00bb4_4&#8243; _builder_version=\u00bb4.21.0&#8243; _module_preset=\u00bbdefault\u00bb global_colors_info=\u00bb{}\u00bb][et_pb_text _builder_version=\u00bb4.21.0&#8243; _module_preset=\u00bbdefault\u00bb global_colors_info=\u00bb{}\u00bb]<\/p>\n<p><strong>El 19 de octubre se llevar\u00e1 a cabo la 3a Jornada T\u00e9cnica del Agua y las inscripciones se abrir\u00e1n el 4 de setiembre<\/strong><\/p>\n<p>La 3\u00aa Jornada T\u00e9cnica del Agua, enmarcada en la Feria Ecoviure, que organiza el Ayuntamiento de Manresa y la Fundaci\u00f3 Fires i Turisme de Manresa, contar\u00e1 con un programa que busca responder a la cuesti\u00f3n: <strong>C\u00f3mo podemos mejorar la disponibilidad de agua en Catalu\u00f1a?<\/strong><\/p>\n<p>La jornada estar\u00e1 organizada en tres bloques, un primer bloque con una mesa redonda, un segundo bloque donde se presentar\u00e1n cuatro proyectos de regeneraci\u00f3n\/reutilizaci\u00f3n de agua y una charla de clausura a cargo del director del ACA, Samuel Reyes.<\/p>\n<p><strong>Las inscripciones se abrir\u00e1n el 4 de septiembre y se podr\u00e1n realizar desde este enlace: <a href=\"http:\/\/www.firamanresa.cat\/ecoviure\/menu\/15760-jornada-tecnica-de-l-aigua-2023\">http:\/\/www.firamanresa.cat\/ecoviure\/menu\/15760-jornada-tecnica-de-l-aigua-2023<\/a><\/strong><\/p>\n<p>[\/et_pb_text][et_pb_toggle title=\u00bbConsulta el programa\u00bb _builder_version=\u00bb4.21.2&#8243; _module_preset=\u00bbdefault\u00bb hover_enabled=\u00bb0&#8243; global_colors_info=\u00bb{}\u00bb sticky_enabled=\u00bb0&#8243;]<\/p>\n<p>9h Registro<\/p>\n<p>9.30h Inauguraci\u00f3n de la jornada\u00a0<\/p>\n<p>9.45h Mesa redonda sobre <strong>como podemos mejorar la disponibilidad de agua en Catalu\u00f1a<\/strong>.\u00a0\u00a0La mesa contar\u00e1 con la presencia de:\u00a0<\/p>\n<ul type=\"disc\">\n<li>Xavier Martinez director de la unidad de agua, aire y suelos de EURECAT<\/li>\n<li>Irene Corbella, jefa del Servicio de Salud Ambiental\u00a0<\/li>\n<li>N\u00faria Saperas, jefa del servicio de transici\u00f3n energ\u00e9tica del Ayuntamiento de Sabadell<\/li>\n<li>David G\u00fcell, director de explotaci\u00f3n de Aig\u00fces Manresa<\/li>\n<li>Moderada por : Xavier Amores, director del Catalan Water Partnership<\/li>\n<\/ul>\n<p>10.45h PAUSA CAF\u00c8 \/ NETWORKING<\/p>\n<p>11.30H BLOQUE DE PROYECTOS<\/p>\n<ul>\n<li>Lluis Sala, jefe del servicio de abastecimiento y regeneraci\u00f3n del Consorci d\u2019Aig\u00fces Costa Brava Girona.\u00a0<i>Abocament zero i nous recursos d\u2019abastament a la Costa Brava<\/i><\/li>\n<li>Daniel Montserrat director de AITASA. Aig\u00fces Industrials de Tarragona<\/li>\n<li>Gianluigi Buttiglieri, Investigador s\u00e8nior del ICRA y Joaquim Comas, Investigador s\u00e8nior de l&#8217;ICRA y Professor de LEQUIA-UdG. <em>Tecnolog\u00edas innovadoras para la reutilizaci\u00f3n de aguas grises.\u00a0<\/em><\/li>\n<li>Jaume Casades\u00fas. Programa de uso eficiente del agua en agricultura. IRTA.\u00a0<em>Aplicaci\u00f3 de bessons digitals per la supervisi\u00f3 i control del reg.<br \/><\/em><\/li>\n<li style=\"list-style-type: none;\">\u00a0<\/li>\n<\/ul>\n<p>[\/et_pb_toggle][\/et_pb_column][\/et_pb_row][\/et_pb_section]<\/p>\n","protected":false},"excerpt":{"rendered":"<p>El 19 de octubre se llevar\u00e1 a cabo la 3a Jornada T\u00e9cnica del Agua y las inscripciones se abrir\u00e1n el 4 de setiembre La 3\u00aa Jornada T\u00e9cnica del Agua, enmarcada en la Feria Ecoviure, que organiza el Ayuntamiento de Manresa y la Fundaci\u00f3 Fires i Turisme de Manresa, contar\u00e1 con un programa que busca responder [&hellip;]<\/p>\n","protected":false},"author":4,"featured_media":9631,"comment_status":"closed","ping_status":"closed","sticky":false,"template":"","format":"standard","meta":{"_et_pb_use_builder":"on","_et_pb_old_content":"","_et_gb_content_width":"","footnotes":""},"categories":[45,44,40,35,34],"tags":[],"class_list":["post-9635","post","type-post","status-publish","format-standard","has-post-thumbnail","hentry","category-sequera","category-innovacio","category-sostenibilitat","category-empresa","category-ajuntaments-i-entitats"],"_links":{"self":[{"href":"https:\/\/www.aiguesmanresa.cat\/es\/wp-json\/wp\/v2\/posts\/9635","targetHints":{"allow":["GET"]}}],"collection":[{"href":"https:\/\/www.aiguesmanresa.cat\/es\/wp-json\/wp\/v2\/posts"}],"about":[{"href":"https:\/\/www.aiguesmanresa.cat\/es\/wp-json\/wp\/v2\/types\/post"}],"author":[{"embeddable":true,"href":"https:\/\/www.aiguesmanresa.cat\/es\/wp-json\/wp\/v2\/users\/4"}],"replies":[{"embeddable":true,"href":"https:\/\/www.aiguesmanresa.cat\/es\/wp-json\/wp\/v2\/comments?post=9635"}],"version-history":[{"count":0,"href":"https:\/\/www.aiguesmanresa.cat\/es\/wp-json\/wp\/v2\/posts\/9635\/revisions"}],"wp:featuredmedia":[{"embeddable":true,"href":"https:\/\/www.aiguesmanresa.cat\/es\/wp-json\/wp\/v2\/media\/9631"}],"wp:attachment":[{"href":"https:\/\/www.aiguesmanresa.cat\/es\/wp-json\/wp\/v2\/media?parent=9635"}],"wp:term":[{"taxonomy":"category","embeddable":true,"href":"https:\/\/www.aiguesmanresa.cat\/es\/wp-json\/wp\/v2\/categories?post=9635"},{"taxonomy":"post_tag","embeddable":true,"href":"https:\/\/www.aiguesmanresa.cat\/es\/wp-json\/wp\/v2\/tags?post=9635"}],"curies":[{"name":"wp","href":"https:\/\/api.w.org\/{rel}","templated":true}]}}