{"id":9368,"date":"2023-05-31T13:00:56","date_gmt":"2023-05-31T11:00:56","guid":{"rendered":"https:\/\/www.aiguesmanresa.cat\/asistimos-al-1r-congreso-ecociudad-en-manresa\/"},"modified":"2023-05-31T13:00:56","modified_gmt":"2023-05-31T11:00:56","slug":"asistimos-al-1r-congreso-ecociudad-en-manresa","status":"publish","type":"post","link":"https:\/\/www.aiguesmanresa.cat\/es\/asistimos-al-1r-congreso-ecociudad-en-manresa\/","title":{"rendered":"Asistimos al 1r Congreso Ecociudad en Manresa"},"content":{"rendered":"<p>[et_pb_section fb_built=\u00bb1&#8243; theme_builder_area=\u00bbpost_content\u00bb _builder_version=\u00bb4.21.0&#8243; _module_preset=\u00bbdefault\u00bb][et_pb_row _builder_version=\u00bb4.21.0&#8243; _module_preset=\u00bbdefault\u00bb theme_builder_area=\u00bbpost_content\u00bb][et_pb_column _builder_version=\u00bb4.21.0&#8243; _module_preset=\u00bbdefault\u00bb type=\u00bb4_4&#8243; theme_builder_area=\u00bbpost_content\u00bb][et_pb_text _builder_version=\u00bb4.21.0&#8243; _module_preset=\u00bbdefault\u00bb theme_builder_area=\u00bbpost_content\u00bb hover_enabled=\u00bb0&#8243; sticky_enabled=\u00bb0&#8243;]<\/p>\n<p>Hoy hemos asistido al <strong>1r Congreso de Ecociudad. J\u00f3venes para la sostenibilidad<\/strong>. En este congreso, trescientos alumnos de ESO de cuatro centros de secundaria del Bages han presentado sus propuestas para hacer m\u00e1s sostenible su ciudad o su pueblo.<\/p>\n<p>Es el primer curso escolar que alumnado de estos cuatro centros educativos de la comarca ha coincidido en la realizaci\u00f3n del Proyecto Compartido de Ecociudad, a trav\u00e9s del cual los alumnos analizan con ojos cr\u00edticos su entorno y buscan soluciones contemplando el entramado urbano como a ecosistema. Los centros participantes son el Instituto Lluis de Peguera de Manresa, la escuela FEDAC-Manresa, el Instituto Pompeu Fabra del Pont de Vilomara i Rocafort, y el SINS Cardener de Sant Joan de Vilatorrada.<\/p>\n<p>La jornada se ha iniciado con los parlamentos del concejal de ciudad verde de Manresa, Pol Huguet, la concejala de ense\u00f1anza del Pont de Vilomara i Rocafort, Bea Moreno y Gemma Boix, directora de los Servicios Territoriales de Educaci\u00f3n en la Catalunya Central. Tambi\u00e9n han hablado un representante de cada uno de los institutos participantes.<\/p>\n<p>A continuaci\u00f3n, las propuestas se han presentado a trav\u00e9s de posters que ellos mismos han presentado y defendido ante sus compa\u00f1eros.<\/p>\n<p>La clausura ha corrido a cargo de Pep Par\u00e9s, el m\u00edtico Capit\u00e0 Enciam.\u00a0<\/p>\n<p>[\/et_pb_text][et_pb_gallery _builder_version=\u00bb4.21.0&#8243; _module_preset=\u00bbdefault\u00bb theme_builder_area=\u00bbpost_content\u00bb gallery_ids=\u00bb9350,9352,9354,9356,9358,9360,9362,9364&#8243; show_title_and_caption=\u00bboff\u00bb hover_enabled=\u00bb0&#8243; sticky_enabled=\u00bb0&#8243;][\/et_pb_gallery][\/et_pb_column][\/et_pb_row][\/et_pb_section]<\/p>\n","protected":false},"excerpt":{"rendered":"<p>Hoy hemos asistido al 1r Congreso de Ecociudad. J\u00f3venes para la sostenibilidad. En este congreso, trescientos alumnos de ESO de cuatro centros de secundaria del Bages han presentado sus propuestas para hacer m\u00e1s sostenible su ciudad o su pueblo. Es el primer curso escolar que alumnado de estos cuatro centros educativos de la comarca ha [&hellip;]<\/p>\n","protected":false},"author":4,"featured_media":9345,"comment_status":"closed","ping_status":"closed","sticky":false,"template":"","format":"standard","meta":{"_et_pb_use_builder":"on","_et_pb_old_content":"","_et_gb_content_width":"","footnotes":""},"categories":[40,39,34],"tags":[],"class_list":["post-9368","post","type-post","status-publish","format-standard","has-post-thumbnail","hentry","category-sostenibilitat","category-responsabilitat-social-corporativa","category-ajuntaments-i-entitats"],"_links":{"self":[{"href":"https:\/\/www.aiguesmanresa.cat\/es\/wp-json\/wp\/v2\/posts\/9368","targetHints":{"allow":["GET"]}}],"collection":[{"href":"https:\/\/www.aiguesmanresa.cat\/es\/wp-json\/wp\/v2\/posts"}],"about":[{"href":"https:\/\/www.aiguesmanresa.cat\/es\/wp-json\/wp\/v2\/types\/post"}],"author":[{"embeddable":true,"href":"https:\/\/www.aiguesmanresa.cat\/es\/wp-json\/wp\/v2\/users\/4"}],"replies":[{"embeddable":true,"href":"https:\/\/www.aiguesmanresa.cat\/es\/wp-json\/wp\/v2\/comments?post=9368"}],"version-history":[{"count":0,"href":"https:\/\/www.aiguesmanresa.cat\/es\/wp-json\/wp\/v2\/posts\/9368\/revisions"}],"wp:featuredmedia":[{"embeddable":true,"href":"https:\/\/www.aiguesmanresa.cat\/es\/wp-json\/wp\/v2\/media\/9345"}],"wp:attachment":[{"href":"https:\/\/www.aiguesmanresa.cat\/es\/wp-json\/wp\/v2\/media?parent=9368"}],"wp:term":[{"taxonomy":"category","embeddable":true,"href":"https:\/\/www.aiguesmanresa.cat\/es\/wp-json\/wp\/v2\/categories?post=9368"},{"taxonomy":"post_tag","embeddable":true,"href":"https:\/\/www.aiguesmanresa.cat\/es\/wp-json\/wp\/v2\/tags?post=9368"}],"curies":[{"name":"wp","href":"https:\/\/api.w.org\/{rel}","templated":true}]}}