{"id":8882,"date":"2023-03-20T13:01:14","date_gmt":"2023-03-20T12:01:14","guid":{"rendered":"https:\/\/www.aiguesmanresa.cat\/el-plan-estratgegico-de-aigues-manresa-cierra-el-segundo-ano-con-un-25-del-total-conseguido\/"},"modified":"2023-03-20T13:01:14","modified_gmt":"2023-03-20T12:01:14","slug":"el-plan-estratgegico-de-aigues-manresa-cierra-el-segundo-ano-con-un-25-del-total-conseguido","status":"publish","type":"post","link":"https:\/\/www.aiguesmanresa.cat\/es\/el-plan-estratgegico-de-aigues-manresa-cierra-el-segundo-ano-con-un-25-del-total-conseguido\/","title":{"rendered":"El Plan Estratg\u00e9gico de Aig\u00fces Manresa cierra el segundo a\u00f1o con un 25% del total conseguido"},"content":{"rendered":"<p>[et_pb_section fb_built=\u00bb1&#8243; theme_builder_area=\u00bbpost_content\u00bb _builder_version=\u00bb4.19.5&#8243; _module_preset=\u00bbdefault\u00bb][et_pb_row _builder_version=\u00bb4.19.5&#8243; _module_preset=\u00bbdefault\u00bb theme_builder_area=\u00bbpost_content\u00bb][et_pb_column _builder_version=\u00bb4.19.5&#8243; _module_preset=\u00bbdefault\u00bb type=\u00bb4_4&#8243; theme_builder_area=\u00bbpost_content\u00bb][et_pb_text _builder_version=\u00bb4.19.5&#8243; _module_preset=\u00bbdefault\u00bb theme_builder_area=\u00bbpost_content\u00bb hover_enabled=\u00bb0&#8243; sticky_enabled=\u00bb0&#8243;]<\/p>\n<p id=\"tw-target-text\" class=\"tw-data-text tw-text-large tw-ta\" dir=\"ltr\" data-placeholder=\"Traducci\u00f3\"><strong><span class=\"Y2IQFc\" lang=\"es\">El Plan Estrat\u00e9gico, Horizonte 2025, se inici\u00f3 en 2021 y debe finalizar en diciembre de 2025. <\/span><\/strong><\/p>\n<p class=\"tw-data-text tw-text-large tw-ta\" dir=\"ltr\" data-placeholder=\"Traducci\u00f3\"><span class=\"Y2IQFc\" lang=\"es\">Durante 2022, la empresa ha seguido trabajando en los 7 ejes marcados inicialmente, llevando a cabo las tareas marcadas. En Aig\u00fces Manresa valoramos muy positivamente el ritmo de consecuci\u00f3n al que se trabaja, y queremos acentuar algunas de las acciones m\u00e1s destacadas de este a\u00f1o para cada uno de los ejes.<\/span><\/p>\n<p id=\"tw-target-text\" class=\"tw-data-text tw-text-large tw-ta\" dir=\"ltr\" data-placeholder=\"Traducci\u00f3\"><span class=\"Y2IQFc\" lang=\"es\"><strong>\u00c1mbito de Influencia<\/strong>: Quer\u00edamos aumentar el v\u00ednculo y la proximidad con los Ayuntamientos y entidades propietarias de la empresa, por lo que hemos llevado a cabo <strong>entrevistas presenciales<\/strong> buscando acciones de mejora del servicio y sinergias con cada uno de ellos. Fruto de estas entrevistas, durante 2023 se implantar\u00e1n algunas mejoras, como por ejemplo, el nuevo servicio de atenci\u00f3n presencial en el Ayuntamiento de Sant Salvador de Guardiola.<\/span><\/p>\n<p id=\"tw-target-text\" class=\"tw-data-text tw-text-large tw-ta\" dir=\"ltr\" data-placeholder=\"Traducci\u00f3\"><span class=\"Y2IQFc\" lang=\"es\"><strong>Compromiso \u00c9tico<\/strong>. En marzo se present\u00f3 el <a href=\"https:\/\/www.aiguesmanresa.cat\/wp-content\/uploads\/2022\/03\/3.07-P01-D07-v.1-Codi-Etic-i-de-Contudcta-dAigues-de-Manresa.pdf\"><strong>C\u00f3digo \u00c9tico de Aig\u00fces Manresa<\/strong><\/a>. Es un documento que establece las pautas de conducta que deben seguir todos los miembros de la organizaci\u00f3n. Recoge los principios y valores \u00e9ticos que deben guiar la actuaci\u00f3n del personal, regula sus normas de conducta, y determina los mecanismos de control interno, seguimiento y evaluaci\u00f3n de estos principios y valores.<\/span><\/p>\n<p id=\"tw-target-text\" class=\"tw-data-text tw-text-large tw-ta\" dir=\"ltr\" data-placeholder=\"Traducci\u00f3\"><span class=\"Y2IQFc\" lang=\"es\"><strong>Infraestructuras<\/strong>. Una de las acciones m\u00e1s importantes est\u00e1 relacionada con el proyecto de la nueva planta potabilizadora. Por eso se ha llevado a cabo una prueba piloto, con EURECAT, que ha permitido comprobar que la opci\u00f3n escogida para el <strong>tren de tratamiento que tendr\u00e1 la nueva planta<\/strong>. El estudio ha permitido probar c\u00f3mo funcionan diversas tecnolog\u00edas de potabilizaci\u00f3n con el agua que deber\u00e1 tratar, confirmando la opci\u00f3n escogida como la m\u00e1s \u00f3ptima.<\/span><\/p>\n<p id=\"tw-target-text\" class=\"tw-data-text tw-text-large tw-ta\" dir=\"ltr\" data-placeholder=\"Traducci\u00f3\"><span class=\"Y2IQFc\" lang=\"es\"><strong>Centrados en el Consumidor.<\/strong> En la atenci\u00f3n al p\u00fablico, en 2022, se han incorporado sistemas de evaluaci\u00f3n de la atenci\u00f3n recibida, que nos permitir\u00e1n mejorar el servicio y la gesti\u00f3n de los tr\u00e1mites con la empresa. Conocer estos datos nos ayudar\u00e1 a entender sus necesidades y mejorar la interacci\u00f3n con la empresa y la satisfacci\u00f3n en el servicio.<\/span><\/p>\n<p id=\"tw-target-text\" class=\"tw-data-text tw-text-large tw-ta\" dir=\"ltr\" data-placeholder=\"Traducci\u00f3\"><span class=\"Y2IQFc\" lang=\"es\"><strong>Sostenibilidad<\/strong>. En octubre de 2022, junto con el Ayuntamiento de Manresa, pusimos las bases para la <strong>creaci\u00f3n de una energ\u00e9tica p\u00fablica <\/strong>municipal. Se trata de un paso importante para hacer frente al modelo energ\u00e9tico vigente, basado en los combustibles f\u00f3siles, que conlleva altos precios de la energ\u00eda, limitaci\u00f3n de recursos, contaminaci\u00f3n del aire y emisi\u00f3n de gases de efecto invernadero que causan cambio clim\u00e1tico. El Ayuntamiento encargar\u00e1 las funciones a Aig\u00fces de Manresa, que ya est\u00e1 promoviendo proyectos de renovables en instalaciones de su \u00e1mbito de gesti\u00f3n y que ahora tambi\u00e9n lo podr\u00e1 hacer en equipamientos municipales, as\u00ed como atender otras iniciativas de inter\u00e9s p\u00fablico.<\/span><\/p>\n<p id=\"tw-target-text\" class=\"tw-data-text tw-text-large tw-ta\" dir=\"ltr\" data-placeholder=\"Traducci\u00f3\"><span class=\"Y2IQFc\" lang=\"es\"><strong>Tecnolog\u00eda.<\/strong> Como ya hab\u00edamos avanzado, en enero de 2022 se llev\u00f3 a cabo una prueba piloto de telelectura que nos permiti\u00f3 probar 5 tecnolog\u00edas diferentes, con 14 combinaciones de tipolog\u00eda de contador, de transmisi\u00f3n de datos y software de gesti\u00f3n. <\/span><\/p>\n<p class=\"tw-data-text tw-text-large tw-ta\" dir=\"ltr\" data-placeholder=\"Traducci\u00f3\"><span class=\"Y2IQFc\" lang=\"es\"><strong>Personas de la empresa<\/strong>. Hemos trabajado internamente para poder realizar un an\u00e1lisis de las competencias, para ordenar y mejorar la organizaci\u00f3n de la empresa. Tambi\u00e9n se ha puesto en valor la <strong>formaci\u00f3n interna<\/strong>, identificando a aquellas personas que pueden compartir y transmitir su conocimiento con el resto de la compa\u00f1\u00eda. <\/span><\/p>\n<p class=\"tw-data-text tw-text-large tw-ta\" dir=\"ltr\" data-placeholder=\"Traducci\u00f3\"><span class=\"Y2IQFc\" lang=\"es\">El Plan Estrat\u00e9gico se puede consultar siguiendo este enlace: <a href=\"https:\/\/plaestrategic.aiguesmanresa.cat\/\">https:\/\/plaestrategic.aiguesmanresa.cat\/<\/a><\/span><\/p>\n<p>[\/et_pb_text][\/et_pb_column][\/et_pb_row][\/et_pb_section]<\/p>\n","protected":false},"excerpt":{"rendered":"<p>El Plan Estrat\u00e9gico, Horizonte 2025, se inici\u00f3 en 2021 y debe finalizar en diciembre de 2025. Durante 2022, la empresa ha seguido trabajando en los 7 ejes marcados inicialmente, llevando a cabo las tareas marcadas. En Aig\u00fces Manresa valoramos muy positivamente el ritmo de consecuci\u00f3n al que se trabaja, y queremos acentuar algunas de las [&hellip;]<\/p>\n","protected":false},"author":4,"featured_media":8878,"comment_status":"closed","ping_status":"closed","sticky":false,"template":"","format":"standard","meta":{"_et_pb_use_builder":"on","_et_pb_old_content":"","_et_gb_content_width":"","footnotes":""},"categories":[44,40,39,37,35],"tags":[],"class_list":["post-8882","post","type-post","status-publish","format-standard","has-post-thumbnail","hentry","category-innovacio","category-sostenibilitat","category-responsabilitat-social-corporativa","category-dades","category-empresa"],"_links":{"self":[{"href":"https:\/\/www.aiguesmanresa.cat\/es\/wp-json\/wp\/v2\/posts\/8882","targetHints":{"allow":["GET"]}}],"collection":[{"href":"https:\/\/www.aiguesmanresa.cat\/es\/wp-json\/wp\/v2\/posts"}],"about":[{"href":"https:\/\/www.aiguesmanresa.cat\/es\/wp-json\/wp\/v2\/types\/post"}],"author":[{"embeddable":true,"href":"https:\/\/www.aiguesmanresa.cat\/es\/wp-json\/wp\/v2\/users\/4"}],"replies":[{"embeddable":true,"href":"https:\/\/www.aiguesmanresa.cat\/es\/wp-json\/wp\/v2\/comments?post=8882"}],"version-history":[{"count":0,"href":"https:\/\/www.aiguesmanresa.cat\/es\/wp-json\/wp\/v2\/posts\/8882\/revisions"}],"wp:featuredmedia":[{"embeddable":true,"href":"https:\/\/www.aiguesmanresa.cat\/es\/wp-json\/wp\/v2\/media\/8878"}],"wp:attachment":[{"href":"https:\/\/www.aiguesmanresa.cat\/es\/wp-json\/wp\/v2\/media?parent=8882"}],"wp:term":[{"taxonomy":"category","embeddable":true,"href":"https:\/\/www.aiguesmanresa.cat\/es\/wp-json\/wp\/v2\/categories?post=8882"},{"taxonomy":"post_tag","embeddable":true,"href":"https:\/\/www.aiguesmanresa.cat\/es\/wp-json\/wp\/v2\/tags?post=8882"}],"curies":[{"name":"wp","href":"https:\/\/api.w.org\/{rel}","templated":true}]}}