{"id":8807,"date":"2023-03-07T08:22:33","date_gmt":"2023-03-07T07:22:33","guid":{"rendered":"https:\/\/www.aiguesmanresa.cat\/entra-en-vigor-el-estado-de-excepcionalidad-por-sequia-en-el-ambito-ter-llobregat\/"},"modified":"2023-03-08T10:21:19","modified_gmt":"2023-03-08T09:21:19","slug":"entra-en-vigor-el-estado-de-excepcionalidad-por-sequia-en-el-ambito-ter-llobregat","status":"publish","type":"post","link":"https:\/\/www.aiguesmanresa.cat\/es\/entra-en-vigor-el-estado-de-excepcionalidad-por-sequia-en-el-ambito-ter-llobregat\/","title":{"rendered":"Entra en vigor el estado de excepcionalidad por sequ\u00eda en el \u00e1mbito Ter-Llobregat"},"content":{"rendered":"<p>[et_pb_section fb_built=\u00bb1&#8243; _builder_version=\u00bb4.19.5&#8243; _module_preset=\u00bbdefault\u00bb global_colors_info=\u00bb{}\u00bb][et_pb_row _builder_version=\u00bb4.19.5&#8243; _module_preset=\u00bbdefault\u00bb global_colors_info=\u00bb{}\u00bb][et_pb_column type=\u00bb4_4&#8243; _builder_version=\u00bb4.19.5&#8243; _module_preset=\u00bbdefault\u00bb global_colors_info=\u00bb{}\u00bb][et_pb_text _builder_version=\u00bb4.19.5&#8243; _module_preset=\u00bbdefault\u00bb global_colors_info=\u00bb{}\u00bb]<\/p>\n<p id=\"tw-target-text\" class=\"tw-data-text tw-text-large tw-ta\" dir=\"ltr\" data-placeholder=\"Traducci\u00f3\"><span class=\"Y2IQFc\" lang=\"es\">Hoy se ha publicado la resoluci\u00f3n de entrada en estado de excepcionalidad por sequ\u00eda en el \u00e1mbito Ter-Llobregat, que afecta a todos los municipios que gestionamos excepto los de <strong>la unidad 16 Mig Llobregat, que son Calders, Monistrol de Calders, Santa Maria de Ol\u00f3 y Marganell, que se mantienen en fase de alerta<\/strong>.<\/span><\/p>\n<p id=\"tw-target-text\" class=\"tw-data-text tw-text-large tw-ta\" dir=\"ltr\" data-placeholder=\"Traducci\u00f3\"><span class=\"Y2IQFc\" lang=\"es\">La sequ\u00eda sigue agrav\u00e1ndose y resulta imprescindible adoptar medidas para intensificar el ahorro y optimizar los recursos y los consumos, ante unas previsiones meteorol\u00f3gicas pesimistas, forzando as\u00ed la reducci\u00f3n del uso de los recursos h\u00eddricos.<\/span><\/p>\n<p id=\"tw-target-text\" class=\"tw-data-text tw-text-large tw-ta\" dir=\"ltr\" data-placeholder=\"Traducci\u00f3\"><span class=\"Y2IQFc\" lang=\"es\">Tal y como establece el <a href=\"https:\/\/portaldogc.gencat.cat\/utilsEADOP\/PDF\/8039\/1778533.pdf\">Plan Especial de Actuaci\u00f3n en situaci\u00f3n de Alerta y Eventual Sequ\u00eda de la Agencia Catalana del Agua<\/a> (ACA), en esta fase de excepcionalidad las restricciones limitan el agua en parques, jardines y espacios l\u00fadicos, en la limpieza viaria y de veh\u00edculos, entre otros. Sin embargo, no afectan al agua de beber, ya que la dotaci\u00f3n de agua m\u00e1xima a entregar se sit\u00faa en un l\u00edmite de 230 litros por habitante y d\u00eda, muy por encima del consumo medio por habitante. Sin embargo, se recomienda a la ciudadan\u00eda un esfuerzo a\u00fan mayor para minimizar el consumo de agua, y as\u00ed evitar el agravamiento de las reservas. <\/span><\/p>\n<p class=\"tw-data-text tw-text-large tw-ta\" dir=\"ltr\" data-placeholder=\"Traducci\u00f3\"><span class=\"Y2IQFc\" lang=\"es\">Las restricciones marcadas son las siguientes:<\/span><\/p>\n<p id=\"tw-target-text\" class=\"tw-data-text tw-text-large tw-ta\" dir=\"ltr\" data-placeholder=\"Traducci\u00f3\"><span class=\"Y2IQFc\" lang=\"es\"><strong>Granjas<\/strong>. El uso de agua procedente de la red de abastecimiento de agua potable queda limitado a las cantidades necesarias para el abrevado y limpieza de los animales, as\u00ed como para la limpieza del recinto. Para este \u00faltimo uso se deben utilizar s\u00f3lo las cantidades imprescindibles para mantener las condiciones sanitarias y s\u00f3lo en caso de que no se disponga de una fuente alternativa, y exclusivamente mediante sistemas de limpieza a presi\u00f3n u otros de eficacia equivalente. En cualquier caso, las dotaciones m\u00e1ximas deben ajustarse a los valores previstos en la planificaci\u00f3n hidrol\u00f3gica. <\/span><\/p>\n<p class=\"tw-data-text tw-text-large tw-ta\" dir=\"ltr\" data-placeholder=\"Traducci\u00f3\"><span class=\"Y2IQFc\" lang=\"es\"><strong>Riego de jardines y zonas verdes (p\u00fablicos y privados)<\/strong>. Se proh\u00edbe regar zonas verdes y jardines p\u00fablicos y privados, excepto por supervivencia de \u00e1rboles o plantas. Este riego debe realizarse con la m\u00ednima cantidad de agua indispensable, de 20h a 8h, y s\u00f3lo mediante riego gota a gota o regadera. <\/span><\/p>\n<p class=\"tw-data-text tw-text-large tw-ta\" dir=\"ltr\" data-placeholder=\"Traducci\u00f3\"><span class=\"Y2IQFc\" lang=\"es\">El riego de c\u00e9sped queda prohibido en todos los casos, excepto en superficies destinadas a la pr\u00e1ctica federada del deporte, el riego de c\u00e9sped se puede mantener en las cantidades m\u00ednimas necesarias para permitirlo, sin superar la dotaci\u00f3n m\u00e1xima de 450 m3\/ha\/mes. <\/span><\/p>\n<p class=\"tw-data-text tw-text-large tw-ta\" dir=\"ltr\" data-placeholder=\"Traducci\u00f3\"><span class=\"Y2IQFc\" lang=\"es\">La prohibici\u00f3n del riego no se aplica al riego con aguas de lluvia recogidas en tejados ni al riego con aguas regeneradas procedentes de depuradora.<\/span><\/p>\n<p id=\"tw-target-text\" class=\"tw-data-text tw-text-large tw-ta\" dir=\"ltr\" data-placeholder=\"Traducci\u00f3\"><span class=\"Y2IQFc\" lang=\"es\"><strong>Limpieza de calles y mobiliario urbano<\/strong>. Se proh\u00edbe la limpieza con agua potable de calles, alcantarillado, pavimentos, fachadas y similares, ya sean p\u00fablicos o particulares salvo si la limpieza es resultado de un accidente, de un incendio, existe un riesgo sanitario o un riesgo a la seguridad vial. En estas circunstancias, la limpieza se realizar\u00e1 con el m\u00ednimo de agua indispensable. <\/span><\/p>\n<p class=\"tw-data-text tw-text-large tw-ta\" dir=\"ltr\" data-placeholder=\"Traducci\u00f3\"><span class=\"Y2IQFc\" lang=\"es\">S\u00ed se permite la limpieza de escaparates y ventanas con cubo y esponja.<\/span><\/p>\n<p id=\"tw-target-text\" class=\"tw-data-text tw-text-large tw-ta\" dir=\"ltr\" data-placeholder=\"Traducci\u00f3\"><span class=\"Y2IQFc\" lang=\"es\">\u00danicamente puede emplearse agua no potable para la limpieza de calles, alcantarillado, pavimentos, y fachadas de edificios cuando \u00e9sta proceda de la regeneraci\u00f3n o del fre\u00e1tico siempre y cuando, en este \u00faltimo caso, se compruebe, mediante una evaluaci\u00f3n hidrogeol\u00f3gica, que no supone una reducci\u00f3n de la disponibilidad de agua para el abastecimiento domiciliario. En ambos casos cabe se\u00f1alar claramente el origen del agua, indicando que se trata de agua no potable.<\/span><\/p>\n<p id=\"tw-target-text\" class=\"tw-data-text tw-text-large tw-ta\" dir=\"ltr\" data-placeholder=\"Traducci\u00f3\"><span class=\"Y2IQFc\" lang=\"es\"><strong>Limpieza de veh\u00edculos<\/strong>. El uso del agua queda limitado a la limpieza de veh\u00edculos en establecimientos comerciales dedicados a esta actividad que cuentan con sistemas de recirculaci\u00f3n del agua. Fuera de estos establecimientos s\u00f3lo se permite la limpieza de cristales, espejos, retrovisores, luces y placas de matr\u00edcula con esponja y cubo. <\/span><\/p>\n<p class=\"tw-data-text tw-text-large tw-ta\" dir=\"ltr\" data-placeholder=\"Traducci\u00f3\"><span class=\"Y2IQFc\" lang=\"es\">Se permite la limpieza de veh\u00edculos fuera de establecimientos comerciales para mantener la seguridad y salud de las personas y animales. Se incluyen los veh\u00edculos de transporte de comida, transporte de animales (vivos o muertos), ambulancias, veh\u00edculos m\u00e9dicos y transporte de medicamentos y de residuos. Se realizar\u00e1 siempre con la m\u00ednima utilizaci\u00f3n de agua posible. <\/span><\/p>\n<p class=\"tw-data-text tw-text-large tw-ta\" dir=\"ltr\" data-placeholder=\"Traducci\u00f3\"><span class=\"Y2IQFc\" lang=\"es\"><strong>Piscinas<\/strong>. El rellenado parcial de piscinas con sistema de recirculaci\u00f3n del agua, en cantidades indispensables para garantizar la calidad sanitaria del agua. En centros educativos, el llenado completo o parcial de piscinas desmontables de capacidad inferior a 500 litros para el ba\u00f1o de ni\u00f1os. Estas limitaciones no se aplican a las piscinas de agua de mar que se llenen y se vac\u00eden sin conexi\u00f3n a las redes de abastecimiento y saneamiento p\u00fablicas.<\/span><\/p>\n<p id=\"tw-target-text\" class=\"tw-data-text tw-text-large tw-ta\" dir=\"ltr\" data-placeholder=\"Traducci\u00f3\"><span class=\"Y2IQFc\" lang=\"es\"><strong>Fuentes ornamentales<\/strong>. Queda prohibido el llenado total o parcial de fuentes ornamentales, lagos artificiales y otros elementos de uso est\u00e9tico del agua, excepto lagos artificiales que hagan de soporte vital de vida acu\u00e1tica, donde se permite el m\u00ednimo uso del agua imprescindible para el su mantenimiento. Se debe estudiar y, si es viable, se debe realizar el traslado y\/o la concentraci\u00f3n de la vida acu\u00e1tica afectada a aquel entorno que asegure su m\u00e1xima supervivencia con el m\u00ednimo consumo de agua. <\/span><\/p>\n<p class=\"tw-data-text tw-text-large tw-ta\" dir=\"ltr\" data-placeholder=\"Traducci\u00f3\"><span class=\"Y2IQFc\" lang=\"es\"><strong>Eliminaci\u00f3n de polvo en el aire<\/strong>. Se proh\u00edbe la utilizaci\u00f3n de agua para la eliminaci\u00f3n de polvo y materia en suspensi\u00f3n en el aire. <\/span><\/p>\n<p class=\"tw-data-text tw-text-large tw-ta\" dir=\"ltr\" data-placeholder=\"Traducci\u00f3\"><span class=\"Y2IQFc\" lang=\"es\">En la web de Aig\u00fces de Manresa podr\u00e1 consultar las restricciones as\u00ed como consejos de ahorro de agua: <a href=\"https:\/\/www.aiguesmanresa.cat\/es\/la-sequia-en-el-ambito-de-aigues-manresa\/\">https:\/\/www.aiguesmanresa.cat\/la-sequera<\/a>\/<\/span><\/p>\n<p>[\/et_pb_text][\/et_pb_column][\/et_pb_row][\/et_pb_section]<\/p>\n","protected":false},"excerpt":{"rendered":"<p>Hoy se ha publicado la resoluci\u00f3n de entrada en estado de excepcionalidad por sequ\u00eda en el \u00e1mbito Ter-Llobregat, que afecta a todos los municipios que gestionamos excepto los de la unidad 16 Mig Llobregat, que son Calders, Monistrol de Calders, Santa Maria de Ol\u00f3 y Marganell, que se mantienen en fase de alerta. La sequ\u00eda [&hellip;]<\/p>\n","protected":false},"author":4,"featured_media":8739,"comment_status":"closed","ping_status":"closed","sticky":false,"template":"","format":"standard","meta":{"_et_pb_use_builder":"on","_et_pb_old_content":"","_et_gb_content_width":"","footnotes":""},"categories":[45,34,33],"tags":[],"class_list":["post-8807","post","type-post","status-publish","format-standard","has-post-thumbnail","hentry","category-sequera","category-ajuntaments-i-entitats","category-consum"],"_links":{"self":[{"href":"https:\/\/www.aiguesmanresa.cat\/es\/wp-json\/wp\/v2\/posts\/8807","targetHints":{"allow":["GET"]}}],"collection":[{"href":"https:\/\/www.aiguesmanresa.cat\/es\/wp-json\/wp\/v2\/posts"}],"about":[{"href":"https:\/\/www.aiguesmanresa.cat\/es\/wp-json\/wp\/v2\/types\/post"}],"author":[{"embeddable":true,"href":"https:\/\/www.aiguesmanresa.cat\/es\/wp-json\/wp\/v2\/users\/4"}],"replies":[{"embeddable":true,"href":"https:\/\/www.aiguesmanresa.cat\/es\/wp-json\/wp\/v2\/comments?post=8807"}],"version-history":[{"count":0,"href":"https:\/\/www.aiguesmanresa.cat\/es\/wp-json\/wp\/v2\/posts\/8807\/revisions"}],"wp:featuredmedia":[{"embeddable":true,"href":"https:\/\/www.aiguesmanresa.cat\/es\/wp-json\/wp\/v2\/media\/8739"}],"wp:attachment":[{"href":"https:\/\/www.aiguesmanresa.cat\/es\/wp-json\/wp\/v2\/media?parent=8807"}],"wp:term":[{"taxonomy":"category","embeddable":true,"href":"https:\/\/www.aiguesmanresa.cat\/es\/wp-json\/wp\/v2\/categories?post=8807"},{"taxonomy":"post_tag","embeddable":true,"href":"https:\/\/www.aiguesmanresa.cat\/es\/wp-json\/wp\/v2\/tags?post=8807"}],"curies":[{"name":"wp","href":"https:\/\/api.w.org\/{rel}","templated":true}]}}