{"id":8514,"date":"2023-02-14T08:47:37","date_gmt":"2023-02-14T07:47:37","guid":{"rendered":"https:\/\/www.aiguesmanresa.cat\/la-campana-som-aigua-en-manresa-presenta-dos-capsulas-de-video-sobre-el-agua-en-la-ciudad\/"},"modified":"2023-02-16T08:47:42","modified_gmt":"2023-02-16T07:47:42","slug":"la-campana-som-aigua-en-manresa-presenta-dos-capsulas-de-video-sobre-el-agua-en-la-ciudad","status":"publish","type":"post","link":"https:\/\/www.aiguesmanresa.cat\/es\/la-campana-som-aigua-en-manresa-presenta-dos-capsulas-de-video-sobre-el-agua-en-la-ciudad\/","title":{"rendered":"La campa\u00f1a Som Aigua en Manresa presenta dos c\u00e1psulas de v\u00eddeo sobre el agua en la ciudad"},"content":{"rendered":"<p>[et_pb_section fb_built=\u00bb1&#8243; _builder_version=\u00bb4.19.5&#8243; _module_preset=\u00bbdefault\u00bb global_colors_info=\u00bb{}\u00bb][et_pb_row _builder_version=\u00bb4.19.5&#8243; _module_preset=\u00bbdefault\u00bb global_colors_info=\u00bb{}\u00bb][et_pb_column type=\u00bb4_4&#8243; _builder_version=\u00bb4.19.5&#8243; _module_preset=\u00bbdefault\u00bb global_colors_info=\u00bb{}\u00bb][et_pb_text _builder_version=\u00bb4.19.5&#8243; _module_preset=\u00bbdefault\u00bb custom_padding=\u00bb33px|||||\u00bb global_colors_info=\u00bb{}\u00bb]<\/p>\n<p id=\"tw-target-text\" class=\"tw-data-text tw-text-large tw-ta\" dir=\"ltr\" data-placeholder=\"Translation\"><strong><span class=\"Y2IQFc\" lang=\"es\">Los v\u00eddeos tratan sobre la historia del agua en Manresa y la gesti\u00f3n del agua en la ciudad<\/span><\/strong><\/p>\n<p id=\"tw-target-text\" class=\"tw-data-text tw-text-large tw-ta\" dir=\"ltr\" data-placeholder=\"Translation\"><strong><span class=\"Y2IQFc\" lang=\"es\">Se pueden ver desde el canal de <a href=\"https:\/\/www.youtube.com\/playlist?list=PLXRIY4920ZKW3Ue9jf_oQn8xusvtu_Qml\">Youtube de Ingenier\u00eda Sin Fronteras<\/a> y culminan la campa\u00f1a Som Aigua en Manresa<\/span><\/strong><\/p>\n<p id=\"tw-target-text\" class=\"tw-data-text tw-text-large tw-ta\" dir=\"ltr\" data-placeholder=\"Translation\"><span class=\"Y2IQFc\" lang=\"es\">A propuesta de Ingenier\u00eda sin fronteras y con el apoyo de la Diputaci\u00f3n, Aig\u00fces de Manresa y el Ayuntamiento de la ciudad se sumaron a la campa\u00f1a Som Aigua que reivindica el derecho humano al agua. Este eje ha permitido trabajar diferentes <strong>actividades de sensibilizaci\u00f3n<\/strong> durante el a\u00f1o 2022 y cerrar la campa\u00f1a, coincidiendo con las Fiestas de la Luz, con la presentaci\u00f3n de dos c\u00e1psulas audiovisuales sobre la tem\u00e1tica.<\/span><\/p>\n<p id=\"tw-target-text\" class=\"tw-data-text tw-text-large tw-ta\" dir=\"ltr\" data-placeholder=\"Translation\"><strong><span class=\"Y2IQFc\" lang=\"es\">La historia del agua en Manresa<\/span><\/strong><\/p>\n<p id=\"tw-target-text\" class=\"tw-data-text tw-text-large tw-ta\" dir=\"ltr\" data-placeholder=\"Translation\"><span class=\"Y2IQFc\" lang=\"es\">La historia de la ciudad de Manresa est\u00e1 fuertemente ligada al agua y con ella a la S\u00e9quia, con or\u00edgenes que se remontan a la \u00e9poca medieval. Con la Festa de la Llum, tan importante en la ciudad, se celebra la llegada del agua a Manresa, gracias a una larga y organizada movilizaci\u00f3n popular en el siglo XIV. La S\u00e9quia proporciona una riqueza agr\u00edcola muy grande y \u00fanica en la comarca , y permite que la ciudad tenga soberan\u00eda alimentaria. Este sistema proporciona agua a un territorio de secano y es un gran ejemplo de adaptaci\u00f3n a la escasez h\u00eddrica.<\/span><\/p>\n<p id=\"tw-target-text\" class=\"tw-data-text tw-text-large tw-ta\" dir=\"ltr\" data-placeholder=\"Translation\"><strong><span class=\"Y2IQFc\" lang=\"es\">La gesti\u00f3n del agua en Manresa<\/span><\/strong><\/p>\n<p id=\"tw-target-text\" class=\"tw-data-text tw-text-large tw-ta\" dir=\"ltr\" data-placeholder=\"Translation\"><span class=\"Y2IQFc\" lang=\"es\">Manresa tiene un fuerte v\u00ednculo con el agua. Ya lleva m\u00e1s de 40 a\u00f1os gestionando de forma p\u00fablica. Pero su fuerte arraigo est\u00e1 marcado tambi\u00e9n por la presencia cercana del r\u00edo Cardener. Actualmente se est\u00e1 trabajando en la renaturalizaci\u00f3n del r\u00edo para que sirva de conexi\u00f3n ecol\u00f3gica entre la ciudad y el medio ambiente y para que el r\u00edo recupere el espacio propio. <strong>El agua como elemento b\u00e1sico en todo el mundo<\/strong>. Desde Casa Flors Sirera tambi\u00e9n se trabaja para dar a conocer la importancia de proteger el agua, que es un bien escaso y universal y no se puede hacer negocio. Es importante tener en cuenta que el agua interact\u00faa en muchos aspectos de la vida, desde las relaciones Norte-Sur global, al g\u00e9nero, y recordar que en todo el mundo existe un movimiento en defensa del agua y de la vida, de defensa del Derecho Humano al Agua y al Saneamiento y de la sostenibilidad de los ecosistemas. Gracias a los movimientos sociales, tanto del pasado como en la actualidad, se est\u00e1 consiguiendo posicionar a la justicia h\u00eddrica como un eje de la justicia global.<\/span><\/p>\n<p id=\"tw-target-text\" class=\"tw-data-text tw-text-large tw-ta\" dir=\"ltr\" data-placeholder=\"Translation\"><span class=\"Y2IQFc\" lang=\"es\">El conjunto de la campa\u00f1a Som Aigua, est\u00e1 organizada por <strong>Ingenier\u00eda Sin Fronteras, Ayuntamiento de Manresa y Aig\u00fces Manresa<\/strong> y cuenta con el apoyo de la Diputaci\u00f3n de Barcelona y el Fondo Catal\u00e1n de Cooperaci\u00f3n, ha incluido la realizaci\u00f3n de una exposici\u00f3n que se ha ubicado en diferentes puntos de la ciudad, la informaci\u00f3n sobre el derecho al agua a trav\u00e9s de las facturas de Aig\u00fces de Manresa y el espect\u00e1culo teatral Be Water que se pudo ver en el marco de la Fiesta del R\u00edo. Las c\u00e1psulas audiovisuales estar\u00e1n disponibles en la web de ISF: <a href=\"http:\/\/somaigua.cat\/\">http:\/\/somaigua.cat\/<\/a><\/span><\/p>\n<p>[\/et_pb_text][\/et_pb_column][\/et_pb_row][et_pb_row _builder_version=\u00bb4.19.5&#8243; _module_preset=\u00bbdefault\u00bb column_structure=\u00bb1_2,1_2&#8243;][et_pb_column _builder_version=\u00bb4.19.5&#8243; _module_preset=\u00bbdefault\u00bb type=\u00bb1_2&#8243;]<\/p>\n<p>[et_pb_video src=\u00bbhttps:\/\/youtu.be\/5-OELnkuHw8&#8243; _builder_version=\u00bb4.19.5&#8243; _module_preset=\u00bbdefault\u00bb hover_enabled=\u00bb0&#8243; sticky_enabled=\u00bb0&#8243;][\/et_pb_video]<\/p>\n<p>[\/et_pb_column][et_pb_column _builder_version=\u00bb4.19.5&#8243; _module_preset=\u00bbdefault\u00bb type=\u00bb1_2&#8243;]<\/p>\n<p>[et_pb_video src=\u00bbhttps:\/\/youtu.be\/3Q_g-wLlXtE\u00bb _builder_version=\u00bb4.19.5&#8243; _module_preset=\u00bbdefault\u00bb hover_enabled=\u00bb0&#8243; sticky_enabled=\u00bb0&#8243;][\/et_pb_video]<\/p>\n<p>[\/et_pb_column][\/et_pb_row][\/et_pb_section]<\/p>\n","protected":false},"excerpt":{"rendered":"<p>Los v\u00eddeos tratan sobre la historia del agua en Manresa y la gesti\u00f3n del agua en la ciudad Se pueden ver desde el canal de Youtube de Ingenier\u00eda Sin Fronteras y culminan la campa\u00f1a Som Aigua en Manresa A propuesta de Ingenier\u00eda sin fronteras y con el apoyo de la Diputaci\u00f3n, Aig\u00fces de Manresa y [&hellip;]<\/p>\n","protected":false},"author":4,"featured_media":8340,"comment_status":"closed","ping_status":"closed","sticky":false,"template":"","format":"standard","meta":{"_et_pb_use_builder":"on","_et_pb_old_content":"","_et_gb_content_width":"","footnotes":""},"categories":[64],"tags":[],"class_list":["post-8514","post","type-post","status-publish","format-standard","has-post-thumbnail","hentry","category-responsabilidad-social-corporativa"],"_links":{"self":[{"href":"https:\/\/www.aiguesmanresa.cat\/es\/wp-json\/wp\/v2\/posts\/8514","targetHints":{"allow":["GET"]}}],"collection":[{"href":"https:\/\/www.aiguesmanresa.cat\/es\/wp-json\/wp\/v2\/posts"}],"about":[{"href":"https:\/\/www.aiguesmanresa.cat\/es\/wp-json\/wp\/v2\/types\/post"}],"author":[{"embeddable":true,"href":"https:\/\/www.aiguesmanresa.cat\/es\/wp-json\/wp\/v2\/users\/4"}],"replies":[{"embeddable":true,"href":"https:\/\/www.aiguesmanresa.cat\/es\/wp-json\/wp\/v2\/comments?post=8514"}],"version-history":[{"count":0,"href":"https:\/\/www.aiguesmanresa.cat\/es\/wp-json\/wp\/v2\/posts\/8514\/revisions"}],"wp:featuredmedia":[{"embeddable":true,"href":"https:\/\/www.aiguesmanresa.cat\/es\/wp-json\/wp\/v2\/media\/8340"}],"wp:attachment":[{"href":"https:\/\/www.aiguesmanresa.cat\/es\/wp-json\/wp\/v2\/media?parent=8514"}],"wp:term":[{"taxonomy":"category","embeddable":true,"href":"https:\/\/www.aiguesmanresa.cat\/es\/wp-json\/wp\/v2\/categories?post=8514"},{"taxonomy":"post_tag","embeddable":true,"href":"https:\/\/www.aiguesmanresa.cat\/es\/wp-json\/wp\/v2\/tags?post=8514"}],"curies":[{"name":"wp","href":"https:\/\/api.w.org\/{rel}","templated":true}]}}