{"id":6620,"date":"2022-10-19T11:00:03","date_gmt":"2022-10-19T09:00:03","guid":{"rendered":"https:\/\/www.aiguesmanresa.cat\/?p=6620"},"modified":"2022-10-19T12:16:47","modified_gmt":"2022-10-19T10:16:47","slug":"noves-cares-al-consell-dadministracio","status":"publish","type":"post","link":"https:\/\/www.aiguesmanresa.cat\/es\/noves-cares-al-consell-dadministracio\/","title":{"rendered":"Noves cares al consell d&#8217;administraci\u00f3"},"content":{"rendered":"<p>[et_pb_section fb_built=\u00bb1&#8243; _builder_version=\u00bb4.17.4&#8243; _module_preset=\u00bbdefault\u00bb global_colors_info=\u00bb{}\u00bb][et_pb_row _builder_version=\u00bb4.17.4&#8243; _module_preset=\u00bbdefault\u00bb global_colors_info=\u00bb{}\u00bb][et_pb_column type=\u00bb4_4&#8243; _builder_version=\u00bb4.17.4&#8243; _module_preset=\u00bbdefault\u00bb global_colors_info=\u00bb{}\u00bb][et_pb_text _builder_version=\u00bb4.17.4&#8243; _module_preset=\u00bbdefault\u00bb global_colors_info=\u00bb{}\u00bb]<\/p>\n<p>Ahir, 18 d&#8217;octubre, la Junta General d&#8217;Aig\u00fces de Manresa es va reunir en sessi\u00f3 extraordin\u00e0ria per aprovar 3 nous nomenaments al Consell d&#8217;Administraci\u00f3 de l&#8217;empresa.<\/p>\n<p>Es va nomenar a Jordi Solernou Vilalta, alcalde de Sant Joan de Vilatorrada, com a representant de la Mancomunitat de Municipis del Bages pel Sanejament. C\u00e0rrec que fins ara tenia l&#8217;alcalde de Santpedor, Xavier Codina Casas.<\/p>\n<p>Tamb\u00e9 es va nomenar a Enric Casasayas Fornell, com a representant de la Junta de la S\u00e9quia, i en substituci\u00f3 de Josep Alabern i Valent\u00ed.<\/p>\n<p>I finalment, es va nomenar com a representant dels municipis, a \u00c0dria Mazcu\u00f1\u00e1n i Claret.<\/p>\n<p>En l&#8217;anterior Junta General, tamb\u00e9 es va explicar el canvi de nomenaments del representant dels usuaris, c\u00e0rrec que ara ostenta Ramon Caballol Teixidor, i que \u00e9s nomenat per la Federaci\u00f3 d&#8217;Associacions de Ve\u00efns de Manresa. El canvi de Joaquim Garcia Comas, per Antoni Josep Valent\u00ed Moll, en representaci\u00f3 del grup municipal del PSC; i tamb\u00e9 el canvi del regidor ara independent, Miguel Cerezo Ballesteros, per Andr\u00e9s Rojo Hern\u00e1ndez en representaci\u00f3 del grup municipal de Ciutadans.<\/p>\n<p>La <a href=\"https:\/\/www.aiguesmanresa.cat\/nosaltres\/organitzacio\/\">Junta General<\/a> \u00e9s el m\u00e0xim \u00f2rgan de gesti\u00f3 d&#8217;Aig\u00fces de Manresa i est\u00e0 composada per tots els accionistes de l&#8217;empresa.<\/p>\n<p>[\/et_pb_text][\/et_pb_column][\/et_pb_row][\/et_pb_section]<\/p>\n","protected":false},"excerpt":{"rendered":"<p>Ahir, 18 d&#8217;octubre, la Junta General d&#8217;Aig\u00fces de Manresa es va reunir en sessi\u00f3 extraordin\u00e0ria per aprovar 3 nous nomenaments al Consell d&#8217;Administraci\u00f3 de l&#8217;empresa. Es va nomenar a Jordi Solernou Vilalta, alcalde de Sant Joan de Vilatorrada, com a representant de la Mancomunitat de Municipis del Bages pel Sanejament. C\u00e0rrec que fins ara tenia [&hellip;]<\/p>\n","protected":false},"author":4,"featured_media":6627,"comment_status":"closed","ping_status":"closed","sticky":false,"template":"","format":"standard","meta":{"_et_pb_use_builder":"on","_et_pb_old_content":"","_et_gb_content_width":"894","footnotes":""},"categories":[35,34],"tags":[],"class_list":["post-6620","post","type-post","status-publish","format-standard","has-post-thumbnail","hentry","category-empresa","category-ajuntaments-i-entitats"],"_links":{"self":[{"href":"https:\/\/www.aiguesmanresa.cat\/es\/wp-json\/wp\/v2\/posts\/6620","targetHints":{"allow":["GET"]}}],"collection":[{"href":"https:\/\/www.aiguesmanresa.cat\/es\/wp-json\/wp\/v2\/posts"}],"about":[{"href":"https:\/\/www.aiguesmanresa.cat\/es\/wp-json\/wp\/v2\/types\/post"}],"author":[{"embeddable":true,"href":"https:\/\/www.aiguesmanresa.cat\/es\/wp-json\/wp\/v2\/users\/4"}],"replies":[{"embeddable":true,"href":"https:\/\/www.aiguesmanresa.cat\/es\/wp-json\/wp\/v2\/comments?post=6620"}],"version-history":[{"count":0,"href":"https:\/\/www.aiguesmanresa.cat\/es\/wp-json\/wp\/v2\/posts\/6620\/revisions"}],"wp:featuredmedia":[{"embeddable":true,"href":"https:\/\/www.aiguesmanresa.cat\/es\/wp-json\/wp\/v2\/media\/6627"}],"wp:attachment":[{"href":"https:\/\/www.aiguesmanresa.cat\/es\/wp-json\/wp\/v2\/media?parent=6620"}],"wp:term":[{"taxonomy":"category","embeddable":true,"href":"https:\/\/www.aiguesmanresa.cat\/es\/wp-json\/wp\/v2\/categories?post=6620"},{"taxonomy":"post_tag","embeddable":true,"href":"https:\/\/www.aiguesmanresa.cat\/es\/wp-json\/wp\/v2\/tags?post=6620"}],"curies":[{"name":"wp","href":"https:\/\/api.w.org\/{rel}","templated":true}]}}