{"id":6559,"date":"2022-10-03T14:46:31","date_gmt":"2022-10-03T12:46:31","guid":{"rendered":"https:\/\/www.aiguesmanresa.cat\/?p=6559"},"modified":"2023-03-06T09:46:34","modified_gmt":"2023-03-06T08:46:34","slug":"participem-a-lecoviure-que-estrenara-aquest-octubre-el-passeig-pere-iii-i-la-placa-sant-domenec-com-a-nou-emplacament","status":"publish","type":"post","link":"https:\/\/www.aiguesmanresa.cat\/es\/participem-a-lecoviure-que-estrenara-aquest-octubre-el-passeig-pere-iii-i-la-placa-sant-domenec-com-a-nou-emplacament\/","title":{"rendered":"Participem a l&#8217;Ecoviure que estrenar\u00e0 aquest octubre el Passeig Pere III i la pla\u00e7a Sant Dom\u00e8nec com a nou empla\u00e7ament"},"content":{"rendered":"<p>[et_pb_section fb_built=\u00bb1&#8243; theme_builder_area=\u00bbpost_content\u00bb _builder_version=\u00bb4.17.4&#8243; _module_preset=\u00bbdefault\u00bb][et_pb_row _builder_version=\u00bb4.17.4&#8243; _module_preset=\u00bbdefault\u00bb theme_builder_area=\u00bbpost_content\u00bb][et_pb_column _builder_version=\u00bb4.17.4&#8243; _module_preset=\u00bbdefault\u00bb type=\u00bb4_4&#8243; theme_builder_area=\u00bbpost_content\u00bb][et_pb_text _builder_version=\u00bb4.17.4&#8243; _module_preset=\u00bbdefault\u00bb theme_builder_area=\u00bbpost_content\u00bb hover_enabled=\u00bb0&#8243; sticky_enabled=\u00bb0&#8243;]<\/p>\n<p><strong>La fira es far\u00e0 el cap de setmana del 22 i 23 d\u2019octubre. A dia d\u2019avui, ja hi ha una setantena d\u2019expositors confirmats. A m\u00e9s a m\u00e9s, durant tota la setmana pr\u00e8via tamb\u00e9 es faran activitats centrades en la sostenibilitat ambiental, social i econ\u00f2mica, aix\u00ed com quatre jornades professionals que debatran sobre els residus, l\u2019agricultura ecol\u00f2gica, l\u2019aigua i l\u2019energia.<span>\u00a0<\/span><\/strong><strong>El programa sencer es pot consultar a la<span>\u00a0<\/span><\/strong><a href=\"http:\/\/www.firamanresa.cat\/ecoviure\"><strong>p\u00e0gina web d\u2019Ecoviure<\/strong><\/a><\/p>\n<p>Des de fa anys, Ecoviure s\u2019ha anat consolidant com una de les fires de responsabilitat mediambiental i sostenibilitat de refer\u00e8ncia al territori i, despr\u00e9s de l\u2019aturada de la pand\u00e8mia, enguany torna a Manresa amb el 100% del seu potencial i amb moltes novetats.<\/p>\n<p>D\u2019entrada, el cap de setmana de fira, que es far\u00e0 el 22 i 23 d\u2019octubre, canvia el Palau Firal pel centre de Manresa \u2014entre el Passeig Pere III i la pla\u00e7a Sant Dom\u00e8nec\u2014 amb l\u2019objectiu d\u2019apropar l\u2019esdeveniment a la ciutadania, guanyar visibilitat i poder traslladar el debat sobre la sostenibilitat a peu de carrer. A dia d\u2019avui, ja hi ha al voltant d\u2019una setantena d\u2019expositors, que oferiran productes i serveis de diferents sectors, com alimentaci\u00f3, cosm\u00e8tica, t\u00e8xtil, bioconstrucci\u00f3, salut i institucions, entre altres. Les parades se situaran a banda i banda del primer tram del Passeig Pere III i a Crist Rei.<\/p>\n<p>Pel que fa a les activitats paral\u00b7leles, tindran lloc al llarg de tota la setmana, entre el 17 i el 23 d\u2019octubre. Destaca la projecci\u00f3 de dues pel\u00b7l\u00edcules:<span>\u00a0<\/span><em>Oro Blanco<\/em><span>\u00a0<\/span>(Gr\u00edmur H\u00e1konarson, 2019) el divendres 21 d\u2019octubre a les 21 h a l\u2019Auditori de la Plana de l\u2019Om, i<span>\u00a0<\/span><em>La barca del vent<\/em>, encarada a un p\u00fablic infantil, totes dues en col\u00b7laboraci\u00f3 amb Cine Club Manresa. La biblioteca del Casino tamb\u00e9 ha programat activitats de tem\u00e0tica ambiental durant tot el mes d\u2019octubre i el dia 16 la Instituci\u00f3 Catalana d\u2019Hist\u00f2ria Natural ha programat una sortida per con\u00e8ixer la natura dels entorns de Manresa. Durant el cap de setmana tamb\u00e9 es podr\u00e0 visitar la mostra d\u2019entitats i escoles manresanes per a la sostenibilitat on s\u2019exposar\u00e0 la feina que estan fent per millorar el medi ambient.<\/p>\n<p>I pel que fa a les jornades professionals, es faran del 18 al 21 d\u2019octubre, amb un total de quatre jornades que giraran al voltant dels residus, l\u2019agricultura ecol\u00f2gica, l\u2019aigua i l\u2019energia. Per a totes elles \u00e9s necessari fer inscripci\u00f3 pr\u00e8via a trav\u00e9s de la<span>\u00a0<\/span><a href=\"http:\/\/www.firamanresa.cat\/ecoviure\">p\u00e0gina web d\u2019Ecoviure<\/a>:<\/p>\n<p>&#8211;\u00a0\u00a0\u00a0\u00a0\u00a0\u00a0\u00a0\u00a0\u00a0 Jornada de recollida de residus en contenidors tancats i models h\u00edbrids. 18 d\u2019octubre.<span>\u00a0<\/span><\/p>\n<p>&#8211;\u00a0\u00a0\u00a0\u00a0\u00a0\u00a0\u00a0\u00a0\u00a0 Jornades d\u2019Agricultura Ecol\u00f2gica: 19 d\u2019octubre.<span>\u00a0<\/span><\/p>\n<p>&#8211;\u00a0\u00a0\u00a0\u00a0\u00a0\u00a0\u00a0\u00a0\u00a0 <a href=\"http:\/\/www.firamanresa.cat\/ecoviure\/menu\/14890-2a-jornada-tecnica-de-l-aigua\">2a Jornada T\u00e8cnica de l\u2019Aigua: 20 d\u2019octubre<\/a>.<span>\u00a0<\/span><\/p>\n<p>&#8211;\u00a0\u00a0\u00a0\u00a0\u00a0\u00a0\u00a0\u00a0\u00a0 F\u00f2rum Energia: La transici\u00f3 energ\u00e8tica a la ind\u00fastria: una oportunitat per augmentar la competitivitat: 21 d\u2019octubre.<span>\u00a0<\/span><\/p>\n<p>Totes aquestes activitats se sumen a les que ja s\u2019havien anunciat fa uns dies, com les quatre exposicions relacionades amb l\u2019aigua, l\u2019energia, el consum i els residus, o els dos jocs de pistes que es duran a terme durant tota la fira. Per con\u00e8ixer el programa sencer i les \u00faltimes actualitzacions, es pot consultar la<span>\u00a0<\/span><a href=\"http:\/\/www.firamanresa.cat\/ecoviure\">p\u00e0gina web d\u2019Ecoviure<\/a><span>\u00a0<\/span>i les xarxes socials de la Fundaci\u00f3 Turisme i Fires de Manresa.<br \/><strong>\u00a0<\/strong><\/p>\n<p><strong>Ecoviure, la fira de la sostenibilitat de refer\u00e8ncia<\/strong><\/p>\n<p><span style=\"font-size: 14px;\">Des de 1997, Ecoviure \u00e9s una fira multisectorial que gira entorn la sostenibilitat ambiental, social i econ\u00f2mica del planeta i que t\u00e9 com a objectiu ser punt de trobada entre persones i professionals que, des de diferents \u00e0mbits, tenen consci\u00e8ncia pel m\u00f3n en el que vivim i es preocupen per conservar-lo i millorar-lo.<\/span><\/p>\n<p>La Fira Ecoviure est\u00e0 organitzada per l\u2019Ajuntament de Manresa i la Fundaci\u00f3 Turisme i Fires de Manresa amb la col\u00b7laboraci\u00f3 de la Generalitat de Catalunya, la Diputaci\u00f3 de Barcelona, la Cambra de Comer\u00e7 de Manresa, el Consorci del Bages per a la Gesti\u00f3 de Residus, Aig\u00fces de Manresa i l\u2019Escola Agr\u00e0ria de Manresa.<\/p>\n<p>[\/et_pb_text][\/et_pb_column][\/et_pb_row][\/et_pb_section]<\/p>\n","protected":false},"excerpt":{"rendered":"<p>La fira es far\u00e0 el cap de setmana del 22 i 23 d\u2019octubre. A dia d\u2019avui, ja hi ha una setantena d\u2019expositors confirmats. A m\u00e9s a m\u00e9s, durant tota la setmana pr\u00e8via tamb\u00e9 es faran activitats centrades en la sostenibilitat ambiental, social i econ\u00f2mica, aix\u00ed com quatre jornades professionals que debatran sobre els residus, l\u2019agricultura [&hellip;]<\/p>\n","protected":false},"author":4,"featured_media":6567,"comment_status":"closed","ping_status":"closed","sticky":false,"template":"","format":"standard","meta":{"_et_pb_use_builder":"on","_et_pb_old_content":"","_et_gb_content_width":"894","footnotes":""},"categories":[39,35,34],"tags":[],"class_list":["post-6559","post","type-post","status-publish","format-standard","has-post-thumbnail","hentry","category-responsabilitat-social-corporativa","category-empresa","category-ajuntaments-i-entitats"],"_links":{"self":[{"href":"https:\/\/www.aiguesmanresa.cat\/es\/wp-json\/wp\/v2\/posts\/6559","targetHints":{"allow":["GET"]}}],"collection":[{"href":"https:\/\/www.aiguesmanresa.cat\/es\/wp-json\/wp\/v2\/posts"}],"about":[{"href":"https:\/\/www.aiguesmanresa.cat\/es\/wp-json\/wp\/v2\/types\/post"}],"author":[{"embeddable":true,"href":"https:\/\/www.aiguesmanresa.cat\/es\/wp-json\/wp\/v2\/users\/4"}],"replies":[{"embeddable":true,"href":"https:\/\/www.aiguesmanresa.cat\/es\/wp-json\/wp\/v2\/comments?post=6559"}],"version-history":[{"count":0,"href":"https:\/\/www.aiguesmanresa.cat\/es\/wp-json\/wp\/v2\/posts\/6559\/revisions"}],"wp:featuredmedia":[{"embeddable":true,"href":"https:\/\/www.aiguesmanresa.cat\/es\/wp-json\/wp\/v2\/media\/6567"}],"wp:attachment":[{"href":"https:\/\/www.aiguesmanresa.cat\/es\/wp-json\/wp\/v2\/media?parent=6559"}],"wp:term":[{"taxonomy":"category","embeddable":true,"href":"https:\/\/www.aiguesmanresa.cat\/es\/wp-json\/wp\/v2\/categories?post=6559"},{"taxonomy":"post_tag","embeddable":true,"href":"https:\/\/www.aiguesmanresa.cat\/es\/wp-json\/wp\/v2\/tags?post=6559"}],"curies":[{"name":"wp","href":"https:\/\/api.w.org\/{rel}","templated":true}]}}