{"id":6005,"date":"2022-07-04T12:25:00","date_gmt":"2022-07-04T10:25:00","guid":{"rendered":"https:\/\/www.aiguesmanresa.cat\/?p=6005"},"modified":"2022-07-04T12:27:08","modified_gmt":"2022-07-04T10:27:08","slug":"lexposicio-laigua-alla-i-aqui-es-podra-visita-al-museu-de-la-tecnica-de-manresa","status":"publish","type":"post","link":"https:\/\/www.aiguesmanresa.cat\/es\/lexposicio-laigua-alla-i-aqui-es-podra-visita-al-museu-de-la-tecnica-de-manresa\/","title":{"rendered":"L\u2019exposici\u00f3 \u201cL\u2019aigua all\u00e0 i aqu\u00ed\u201d es podr\u00e0 visitar al Museu de la T\u00e8cnica de Manresa"},"content":{"rendered":"<p>[et_pb_section fb_built=\u00bb1&#8243; _builder_version=\u00bb4.17.4&#8243; _module_preset=\u00bbdefault\u00bb global_colors_info=\u00bb{}\u00bb][et_pb_row _builder_version=\u00bb4.17.4&#8243; _module_preset=\u00bbdefault\u00bb global_colors_info=\u00bb{}\u00bb][et_pb_column type=\u00bb4_4&#8243; _builder_version=\u00bb4.17.4&#8243; _module_preset=\u00bbdefault\u00bb global_colors_info=\u00bb{}\u00bb][et_pb_text _builder_version=\u00bb4.17.4&#8243; _module_preset=\u00bbdefault\u00bb global_colors_info=\u00bb{}\u00bb]<\/p>\n<p><strong>La mostra, que explica la relaci\u00f3 que tenim amb l\u2019aigua tant aqu\u00ed com a la resta del m\u00f3n, hi ser\u00e0 fins el dia 4 de setembre<\/strong><\/p>\n<p>L\u2019exposici\u00f3, que s\u2019ha fet sota la coordinaci\u00f3 d\u2019Enginyeria Sense Fronteres (ESF), l\u2019Ajuntament de Manresa i Aig\u00fces de Manresa, ha estat finan\u00e7ada per la Diputaci\u00f3 de Barcelona i el Fons Catal\u00e0 de Cooperaci\u00f3 al Desenvolupament. Ja es va presentar a la Festa del Riu, el passat 28 de maig, i ha estat exposada a la Biblioteca del Casino de Manresa.<\/p>\n<p>La mostra est\u00e0 formada per nou plafons amb l\u2019objectiu de sensibilitzar a l\u2019entorn d\u2019aquest b\u00e9 essencial pel qu\u00e8 fa a la situaci\u00f3 del dret hum\u00e0 a l\u2019aigua i el sanejament a nivell mundial, la gesti\u00f3 de l\u2019aigua a Catalunya,\u00a0 i m\u00e9s en concret a Manresa, i els programes de cooperaci\u00f3 de la ciutat, relacionats amb aquest element<\/p>\n<p>L\u2019exposici\u00f3 es podr\u00e0 veure gratu\u00eftament al Museu de la T\u00e8cnica de Manresa, de dimarts a diumenge de 10 a 14h.\u00a0<\/p>\n<p>[\/et_pb_text][\/et_pb_column][\/et_pb_row][\/et_pb_section]<\/p>\n","protected":false},"excerpt":{"rendered":"<p>La mostra, que explica la relaci\u00f3 que tenim amb l\u2019aigua tant aqu\u00ed com a la resta del m\u00f3n, hi ser\u00e0 fins el dia 4 de setembre L\u2019exposici\u00f3, que s\u2019ha fet sota la coordinaci\u00f3 d\u2019Enginyeria Sense Fronteres (ESF), l\u2019Ajuntament de Manresa i Aig\u00fces de Manresa, ha estat finan\u00e7ada per la Diputaci\u00f3 de Barcelona i el Fons [&hellip;]<\/p>\n","protected":false},"author":4,"featured_media":6008,"comment_status":"closed","ping_status":"closed","sticky":false,"template":"","format":"standard","meta":{"_et_pb_use_builder":"on","_et_pb_old_content":"","_et_gb_content_width":"","footnotes":""},"categories":[39],"tags":[],"class_list":["post-6005","post","type-post","status-publish","format-standard","has-post-thumbnail","hentry","category-responsabilitat-social-corporativa"],"_links":{"self":[{"href":"https:\/\/www.aiguesmanresa.cat\/es\/wp-json\/wp\/v2\/posts\/6005","targetHints":{"allow":["GET"]}}],"collection":[{"href":"https:\/\/www.aiguesmanresa.cat\/es\/wp-json\/wp\/v2\/posts"}],"about":[{"href":"https:\/\/www.aiguesmanresa.cat\/es\/wp-json\/wp\/v2\/types\/post"}],"author":[{"embeddable":true,"href":"https:\/\/www.aiguesmanresa.cat\/es\/wp-json\/wp\/v2\/users\/4"}],"replies":[{"embeddable":true,"href":"https:\/\/www.aiguesmanresa.cat\/es\/wp-json\/wp\/v2\/comments?post=6005"}],"version-history":[{"count":0,"href":"https:\/\/www.aiguesmanresa.cat\/es\/wp-json\/wp\/v2\/posts\/6005\/revisions"}],"wp:featuredmedia":[{"embeddable":true,"href":"https:\/\/www.aiguesmanresa.cat\/es\/wp-json\/wp\/v2\/media\/6008"}],"wp:attachment":[{"href":"https:\/\/www.aiguesmanresa.cat\/es\/wp-json\/wp\/v2\/media?parent=6005"}],"wp:term":[{"taxonomy":"category","embeddable":true,"href":"https:\/\/www.aiguesmanresa.cat\/es\/wp-json\/wp\/v2\/categories?post=6005"},{"taxonomy":"post_tag","embeddable":true,"href":"https:\/\/www.aiguesmanresa.cat\/es\/wp-json\/wp\/v2\/tags?post=6005"}],"curies":[{"name":"wp","href":"https:\/\/api.w.org\/{rel}","templated":true}]}}