{"id":5281,"date":"2021-11-19T09:42:17","date_gmt":"2021-11-19T08:42:17","guid":{"rendered":"https:\/\/www.aiguesmanresa.cat\/?p=5281"},"modified":"2021-11-19T12:48:26","modified_gmt":"2021-11-19T11:48:26","slug":"valorem-prou-els-vaters","status":"publish","type":"post","link":"https:\/\/www.aiguesmanresa.cat\/es\/valorem-prou-els-vaters\/","title":{"rendered":"Valorem prou els v\u00e0ters?"},"content":{"rendered":"<p>[et_pb_section fb_built=\u00bb1&#8243; _builder_version=\u00bb4.13.1&#8243; _module_preset=\u00bbdefault\u00bb global_colors_info=\u00bb{}\u00bb][et_pb_row _builder_version=\u00bb4.13.1&#8243; _module_preset=\u00bbdefault\u00bb global_colors_info=\u00bb{}\u00bb][et_pb_column type=\u00bb4_4&#8243; _builder_version=\u00bb4.13.1&#8243; _module_preset=\u00bbdefault\u00bb global_colors_info=\u00bb{}\u00bb][et_pb_text _builder_version=\u00bb4.13.1&#8243; _module_preset=\u00bbdefault\u00bb global_colors_info=\u00bb{}\u00bb]<\/p>\n<p>Avui, 19 de novembre, \u00e9s el <strong><a href=\"https:\/\/www.worldtoiletday.info\/\">Dia Internacional del V\u00e0ter<\/a><\/strong>.<\/p>\n<p>El sanejament \u00e9s un dret hum\u00e0 reconegut per les Nacions Unides. Tothom t\u00e9 dret a l&#8217;acc\u00e9s higi\u00e8nic, salubre, segur, social i culturalment acceptable i que proporcioni intimitat i garanteixi la dignitat.<\/p>\n<p>El sanejament deficient contamina les fonts d\u2019aigua potable, els rius, les platges i els cultius i propaga malalties que poden ser mortals entre les poblacions. Actualment 6 de cada 10 persones del m\u00f3n no tenen acc\u00e9s a un lavabo ni a un sistema de sanejament segur. I m\u00e9s del 80% de les aig\u00fces residuals s\u2019aboquen als rius o al mar sense cap tractament.<\/p>\n<p><strong>Som conscients de la import\u00e0ncia que t\u00e9?<\/strong> El sistema de sanejament no nom\u00e9s s\u2019emporta les aig\u00fces residuals, si no que al fer aix\u00f2 tamb\u00e9 ens protegeix de contraure malalties com el c\u00f2lera, reduir la desnutrici\u00f3, lluitar contra les desigualtats socials i de g\u00e8nere, i genera molts llocs de feina.<\/p>\n<p>&nbsp;<\/p>\n<p>[\/et_pb_text][\/et_pb_column][\/et_pb_row][et_pb_row column_structure=\u00bb3_5,2_5&#8243; _builder_version=\u00bb4.13.1&#8243; _module_preset=\u00bbdefault\u00bb global_colors_info=\u00bb{}\u00bb][et_pb_column type=\u00bb3_5&#8243; _builder_version=\u00bb4.13.1&#8243; _module_preset=\u00bbdefault\u00bb global_colors_info=\u00bb{}\u00bb][et_pb_text _builder_version=\u00bb4.13.1&#8243; _module_preset=\u00bbdefault\u00bb global_colors_info=\u00bb{}\u00bb]<\/p>\n<p><strong>El Sanejament i els ODS<\/strong><\/p>\n<p>Les Nacions Unides en els <strong><a href=\"https:\/\/www.un.org\/sustainabledevelopment\/es\/\">Objectius de Desenvolupament Sostenible<\/a><\/strong> que guien la implementaci\u00f3 de l\u2019Agenda 2030 ja va aprovar-ne un d\u2019espec\u00edfic,<strong> <a href=\"https:\/\/www.un.org\/sustainabledevelopment\/es\/water-and-sanitation\/\">l\u2019ODS 6<\/a><\/strong> amb l\u2019objectiu de garantir la disponibilitat d\u2019aigua i la seva gesti\u00f3 sostenible, i el sanejament per a tots.<\/p>\n<p>&nbsp;<\/p>\n<p>[\/et_pb_text][\/et_pb_column][et_pb_column type=\u00bb2_5&#8243; _builder_version=\u00bb4.13.1&#8243; _module_preset=\u00bbdefault\u00bb global_colors_info=\u00bb{}\u00bb][et_pb_image src=\u00bbhttps:\/\/www.aiguesmanresa.cat\/wp-content\/uploads\/2021\/11\/Imatge1.jpg\u00bb title_text=\u00bbImatge1&#8243; _builder_version=\u00bb4.13.1&#8243; _module_preset=\u00bbdefault\u00bb global_colors_info=\u00bb{}\u00bb][\/et_pb_image][\/et_pb_column][\/et_pb_row][et_pb_row column_structure=\u00bb1_3,2_3&#8243; _builder_version=\u00bb4.13.1&#8243; _module_preset=\u00bbdefault\u00bb global_colors_info=\u00bb{}\u00bb][et_pb_column type=\u00bb1_3&#8243; _builder_version=\u00bb4.13.1&#8243; _module_preset=\u00bbdefault\u00bb global_colors_info=\u00bb{}\u00bb][et_pb_image src=\u00bbhttps:\/\/www.aiguesmanresa.cat\/wp-content\/uploads\/2021\/11\/AiguesManresa_textures_xTV8-scaled.jpg\u00bb _builder_version=\u00bb4.13.1&#8243; _module_preset=\u00bbdefault\u00bb global_colors_info=\u00bb{}\u00bb][\/et_pb_image][\/et_pb_column][et_pb_column type=\u00bb2_3&#8243; _builder_version=\u00bb4.13.1&#8243; _module_preset=\u00bbdefault\u00bb global_colors_info=\u00bb{}\u00bb][et_pb_text _builder_version=\u00bb4.13.1&#8243; _module_preset=\u00bbdefault\u00bb global_colors_info=\u00bb{}\u00bb]<\/p>\n<p>Aig\u00fces Manresa com a gestors d\u2019infraestructures destinades al sanejament, tenim com a objectiu <strong>millorar la qualitat i garantir la protecci\u00f3 de la salut humana i evitar la contaminaci\u00f3 de l\u2019aigua<\/strong>.<\/p>\n<p>En el <strong><a href=\"http:\/\/plaestrategic.aiguesmanresa.cat\/\">Pla Estrat\u00e8gic Horitz\u00f3 2025<\/a><\/strong>, presentat ara fa un any, ja definim un objectiu concret dins l\u2019eix dedicat a les Infraestructures: Disposar de les eines necess\u00e0ria per a una actualitzaci\u00f3 constant i adaptaci\u00f3 als nous escenaris socials, mediambientals i tecnol\u00f2gics de les infraestructures que gestionem d\u2019aigua, clavegueram i sanejament.<\/p>\n<p>[\/et_pb_text][\/et_pb_column][\/et_pb_row][et_pb_row _builder_version=\u00bb4.13.1&#8243; _module_preset=\u00bbdefault\u00bb global_colors_info=\u00bb{}\u00bb][et_pb_column type=\u00bb4_4&#8243; _builder_version=\u00bb4.13.1&#8243; _module_preset=\u00bbdefault\u00bb global_colors_info=\u00bb{}\u00bb][et_pb_text _builder_version=\u00bb4.13.1&#8243; _module_preset=\u00bbdefault\u00bb hover_enabled=\u00bb0&#8243; global_colors_info=\u00bb{}\u00bb sticky_enabled=\u00bb0&#8243;]<\/p>\n<p><strong>Qu\u00e8 hi podem fer? <\/strong><\/p>\n<p>A casa podem portar a terme accions f\u00e0cils i que ajudaran a cuidar les infraestructures de sanejament:<\/p>\n<ul>\n<li>No llan\u00e7ar tovalloletes d\u2019un sol \u00fas pel v\u00e0ter. No es desfan i provoquen taps a les canonades dels edificis, als col\u00b7lectors i problemes a les depuradores.<\/li>\n<li>No abocar olis, medicaments, pintures, vernissos o similars per l\u2019aig\u00fcera. Aquestes subst\u00e0ncies dificulten el proc\u00e9s de depuraci\u00f3.<\/li>\n<li>No llan\u00e7ar cap residu pel v\u00e0ter, ni al carrer, ja que molts d\u2019ells acaben al clavegueram.<\/li>\n<\/ul>\n<p>Uneix-te al #WorldToiletDay i mostra al m\u00f3n quant t&#8217;importen els lavabos.<\/p>\n<p>#WorldToiletDay<\/p>\n<p>[\/et_pb_text][\/et_pb_column][\/et_pb_row][\/et_pb_section]<\/p>\n","protected":false},"excerpt":{"rendered":"<p>Avui, 19 de novembre, \u00e9s el Dia Internacional del V\u00e0ter. El sanejament \u00e9s un dret hum\u00e0 reconegut per les Nacions Unides. Tothom t\u00e9 dret a l&#8217;acc\u00e9s higi\u00e8nic, salubre, segur, social i culturalment acceptable i que proporcioni intimitat i garanteixi la dignitat. El sanejament deficient contamina les fonts d\u2019aigua potable, els rius, les platges i els [&hellip;]<\/p>\n","protected":false},"author":4,"featured_media":5289,"comment_status":"closed","ping_status":"closed","sticky":false,"template":"","format":"standard","meta":{"_et_pb_use_builder":"on","_et_pb_old_content":"","_et_gb_content_width":"","footnotes":""},"categories":[40,39],"tags":[],"class_list":["post-5281","post","type-post","status-publish","format-standard","has-post-thumbnail","hentry","category-sostenibilitat","category-responsabilitat-social-corporativa"],"_links":{"self":[{"href":"https:\/\/www.aiguesmanresa.cat\/es\/wp-json\/wp\/v2\/posts\/5281","targetHints":{"allow":["GET"]}}],"collection":[{"href":"https:\/\/www.aiguesmanresa.cat\/es\/wp-json\/wp\/v2\/posts"}],"about":[{"href":"https:\/\/www.aiguesmanresa.cat\/es\/wp-json\/wp\/v2\/types\/post"}],"author":[{"embeddable":true,"href":"https:\/\/www.aiguesmanresa.cat\/es\/wp-json\/wp\/v2\/users\/4"}],"replies":[{"embeddable":true,"href":"https:\/\/www.aiguesmanresa.cat\/es\/wp-json\/wp\/v2\/comments?post=5281"}],"version-history":[{"count":0,"href":"https:\/\/www.aiguesmanresa.cat\/es\/wp-json\/wp\/v2\/posts\/5281\/revisions"}],"wp:featuredmedia":[{"embeddable":true,"href":"https:\/\/www.aiguesmanresa.cat\/es\/wp-json\/wp\/v2\/media\/5289"}],"wp:attachment":[{"href":"https:\/\/www.aiguesmanresa.cat\/es\/wp-json\/wp\/v2\/media?parent=5281"}],"wp:term":[{"taxonomy":"category","embeddable":true,"href":"https:\/\/www.aiguesmanresa.cat\/es\/wp-json\/wp\/v2\/categories?post=5281"},{"taxonomy":"post_tag","embeddable":true,"href":"https:\/\/www.aiguesmanresa.cat\/es\/wp-json\/wp\/v2\/tags?post=5281"}],"curies":[{"name":"wp","href":"https:\/\/api.w.org\/{rel}","templated":true}]}}