{"id":5154,"date":"2021-10-26T14:38:11","date_gmt":"2021-10-26T12:38:11","guid":{"rendered":"https:\/\/www.aiguesmanresa.cat\/?p=5154"},"modified":"2021-11-05T07:56:59","modified_gmt":"2021-11-05T06:56:59","slug":"el-govern-impulsa-un-proces-participatiu-a-manresa-i-sant-fruitos-de-bages-previ-a-la-redaccio-del-nou-pla-director-del-parc-de-lagulla-per-recollir-les-necessitats-del-territori","status":"publish","type":"post","link":"https:\/\/www.aiguesmanresa.cat\/es\/el-govern-impulsa-un-proces-participatiu-a-manresa-i-sant-fruitos-de-bages-previ-a-la-redaccio-del-nou-pla-director-del-parc-de-lagulla-per-recollir-les-necessitats-del-territori\/","title":{"rendered":"El Govern impulsa un proc\u00e9s participatiu a Manresa i Sant Fruit\u00f3s de Bages previ a la redacci\u00f3 del nou Pla director del Parc de l\u2019Agulla per recollir les necessitats del territori"},"content":{"rendered":"<p>[et_pb_section fb_built=\u00bb1&#8243; admin_label=\u00bbsection\u00bb _builder_version=\u00bb3.22&#8243; global_colors_info=\u00bb{}\u00bb][et_pb_row admin_label=\u00bbrow\u00bb _builder_version=\u00bb3.25&#8243; background_size=\u00bbinitial\u00bb background_position=\u00bbtop_left\u00bb background_repeat=\u00bbrepeat\u00bb global_colors_info=\u00bb{}\u00bb][et_pb_column type=\u00bb4_4&#8243; _builder_version=\u00bb3.25&#8243; custom_padding=\u00bb|||\u00bb global_colors_info=\u00bb{}\u00bb custom_padding__hover=\u00bb|||\u00bb][et_pb_text _builder_version=\u00bb4.12.1&#8243; _module_preset=\u00bbdefault\u00bb hover_enabled=\u00bb0&#8243; global_colors_info=\u00bb{}\u00bb sticky_enabled=\u00bb0&#8243;]<\/p>\n<p>\u200bEl Govern, a trav\u00e9s del Departament de la Vicepresid\u00e8ncia i de Pol\u00edtiques Digitals i Territori, impulsar\u00e0 a Manresa i Sant Fruit\u00f3s de Bages un proc\u00e9s participatiu previ a la redacci\u00f3 del nou Pla Director Urban\u00edstic (PDU) del Parc de l\u2019Agulla. Es tracta d\u2019un instrument de planificaci\u00f3 supramunicipal, que dotar\u00e0 els dos municipis d\u2019un marc urban\u00edstic i territorial conjunt per tal d\u2019ordenar i ampliar el parc d\u2019una manera ambientalment coherent, ajustada a les necessitats de les persones que l\u2019utilitzen i interconnectada correctament amb els nuclis urbans que l\u2019envolten, especialment els de Manresa i Sant Fruit\u00f3s de Bages.<\/p>\n<p>El proc\u00e9s s\u2019ha presentat aquest mat\u00ed en un acte al Parc de l\u2019Agulla, que ha comptat amb la pres\u00e8ncia del director general d\u2019Ordenaci\u00f3 del Territori i Urbanisme de la Generalitat, Agust\u00ed Serra; de l\u2019alcalde de Manresa, Marc Aloy Gu\u00e0rdia; de l\u2019alcaldessa de Sant Fruit\u00f3s, \u00c0dria Mazcu\u00f1\u00e1n Claret, i de representants de la cooperativa Estel, l\u2019empresa dinamitzadora. Tot el proc\u00e9s participatiu es desenvolupar\u00e0 telem\u00e0ticament a trav\u00e9s del web <a href=\"https:\/\/participa.gencat.cat\/processes\/pduambitAgulla?locale=ca\">participa.gencat.cat<\/a>, tot i que comptar\u00e0 tamb\u00e9 amb sessions presencials obertes a la ciutadania i a diferents col\u00b7lectius.<\/p>\n<p>Amb el proc\u00e9s participatiu, es busca detectar les necessitats de la ciutadania i copsar la seva opini\u00f3 sobre el paper i el disseny que hauria de tenir aquest gran espai obert i de lleure. Tots els suggeriments rebuts serviran per ajudar a redactar el PDU que es porti a aprovaci\u00f3 inicial, al mateix temps que el proc\u00e9s servir\u00e0 tamb\u00e9 per fer pedagogia sobre qu\u00e8 s\u00f3n els plans directors urban\u00edstics i l\u2019abast que tenen.<\/p>\n<p>Tal com ha exposat Agust\u00ed Serra, el nou Pla precisar\u00e0 el desenvolupament urban\u00edstic de l\u2019\u00e0mbit de l\u2019Agulla; delimitar\u00e0 amb detall els espais oberts; identificar\u00e0 els equipaments existents i reservar\u00e0 el s\u00f2l necessari per als nous, fomentar\u00e0 l\u2019\u00fas del transport p\u00fablic i la mobilitat activa i saludable, preservar\u00e0 i potenciar\u00e0 l\u2019activitat agr\u00edcola i incrementar\u00e0 la protecci\u00f3 d\u2019espais d\u2019inter\u00e8s natural i de connectors ambientals. Finalment, tamb\u00e9 far\u00e0 compatible la qualitat del paisatge i del patrimoni cultural amb el seu \u00fas p\u00fablic i tur\u00edstic.<\/p>\n<p>L\u2019alcalde de Manresa, Marc Aloy, ha valorat molt positivament que s\u2019inici\u00ef el proc\u00e9s participatiu que ha d\u2019acabar dibuixant un Pla \u201cque ens permetr\u00e0 preservar tot l\u2019espai natural i la seva activitat agr\u00edcola i, a la vegada, ordenar la seva ampliaci\u00f3\u201d, donant resposta aix\u00ed als objectius que, com ha recordat, van demanar el 2001 un grup d\u2019entitats del territori liderades pel Col\u00b7legi d\u2019Arquitectes. En aquest sentit, ha explicat que en els darrers anys s\u2019han posat sobre la taula diferents projectes \u2014com les piscines d\u2019estiu o la planta potabilitzadora d\u2019Aig\u00fces de Manresa\u2014 i que el Pla permetr\u00e0 integrar-los preservant tots els valors del parc. En la mateixa l\u00ednia, l\u2019alcaldessa de Sant Fruit\u00f3s ha destacat que l\u2019instrument urban\u00edstic far\u00e0 compatible l\u2019entorn, l\u2019agricultura, el patrimoni i el lleure i que ordenar\u00e0 la manera \u201ccom s\u2019ha de cr\u00e9ixer\u201d. Tots tres han fet una crida a la participaci\u00f3 per tal de poder copsar totes les sensibilitats que conflueixen al parc, que t\u00e9 perfils d\u2019usuaris molt diferents<\/p>\n<p>&nbsp;<\/p>\n<p><strong>Sessions participatives<\/strong><\/p>\n<p>El tret de sortida del proc\u00e9s participatiu seran les sessions informatives que tindran lloc el dia 10 i 17 al Palau Firal de Manresa. Es retransmetran tamb\u00e9 en directe (a trav\u00e9s\u00a0<a href=\"https:\/\/us02web.zoom.us\/j\/82099544653\">d\u2019aquest enlla\u00e7<\/a>) i posteriorment estaran disponibles a la plataforma\u00a0<a href=\"https:\/\/participa.gencat.cat\/processes\/pduambitAgulla?locale=ca\">participa.gencat.cat<\/a>. En aquestes trobades, l\u2019equip redactor exposar\u00e0 les principals caracter\u00edstiques del PDU, i despr\u00e9s s\u2019obrir\u00e0 un torn de preguntes i de debat on tothom qui vulgui podr\u00e0 fer-hi les seves aportacions. Les dues sessions seran de 18 h a 19:30 h. En la primera, la del dimecres dia 10, es presentar\u00e0 de manera m\u00e9s gen\u00e8rica el document d\u2019avan\u00e7 del Pla Director, mentre que la del dimecres 17 se centrar\u00e0 en les seg\u00fcents tem\u00e0tiques: la mobilitat i les infraestructures, els usos i activitats i, finalment, territori i paisatge de l\u2019\u00e0mbit de l\u2019Agulla.<\/p>\n<p>A continuaci\u00f3 els dissabtes 20 i 27 de novembre, de 11 h a 13 h tindran lloc dues passejades participatives, que comen\u00e7aran al punt d\u2019informaci\u00f3 Infos\u00e9quia del Parc de l\u2019Agulla i que serviran per recollir les percepcions i opinions de les persones usu\u00e0ries de l\u2019espai. El recorregut a l\u2019aire lliure permet que l\u2019an\u00e0lisi tingui una dimensi\u00f3 f\u00edsica, reconeixent l\u2019espai i els elements que l\u2019estructuren. La darrera de les sessions obertes ser\u00e0 el taller presencial que es far\u00e0 al Palau Firal el dia 1 de desembre de 18 h a 20 h, en el qual es tractaran totes aquelles propostes que les persones que hi participen vulguin fer-hi constar.<\/p>\n<p>En paral\u00b7lel a totes aquestes trobades, es far\u00e0 un treball amb els principals centres educatius implicats que permetr\u00e0 donar veu a la gent jove, i ampliar aix\u00ed els punts de vista que es recullen en aquest proc\u00e9s.<\/p>\n<p>Per inscriure\u2019s i informar-se de les diferents accions participatives es podr\u00e0 consultar el web\u00a0<a href=\"https:\/\/participa.gencat.cat\/processes\/pduambitAgulla?locale=ca\">participa.gencat.cat<\/a>\u00a0o seguir les xarxes socials dels Ajuntaments de Manresa i de Sant Fruit\u00f3s del Bages, a banda de la informaci\u00f3 que s\u2019ubicar\u00e0 en diversos punts dels dos municipis. Tamb\u00e9 es podr\u00e0 consultar tota la documentaci\u00f3 relativa al PDU al Punt informatiu Infos\u00e9quia, al Parc de l\u2019Agulla, durant el temps del proc\u00e9s participatiu.<\/p>\n<p><strong>Tramitaci\u00f3 del PDU<\/strong><\/p>\n<p>Actualment, el Departament de la Vicepresid\u00e8ncia i de Pol\u00edtiques Digitals i Territori ha enllestit l\u2019avan\u00e7 del PDU, un document molt primerenc on es detalla l\u2019\u00e0mbit d\u2019estudi, els municipis afectats i els objectius que es volen assolir. Un cop recollides les opinions durant el proc\u00e9s participatiu, es donar\u00e0 forma a un document que es portar\u00e0 a aprovaci\u00f3 inicial de la Comissi\u00f3 territorial d\u2019urbanisme de la Catalunya Central.<\/p>\n<p>Posteriorment, s\u2019obrir\u00e0 el preceptiu per\u00edode d\u2019informaci\u00f3 p\u00fablica per a la ciutadania i entitats i d\u2019audi\u00e8ncia als ajuntaments afectats. Amb les al\u00b7legacions que es rebin, es conformar\u00e0 el document que la Comissi\u00f3 aprovar\u00e0 provisionalment. Passar\u00e0 llavors a la Comissi\u00f3 de Territori de Catalunya per al seu darrer vistiplau, el vicepresident el signar\u00e0 i entrar\u00e0 en vigor una vegada es publiqui al Diari Oficial de la Generalitat (DOGC).<\/p>\n<p>&nbsp;<\/p>\n<p><strong>Lleure i valors naturals<\/strong><\/p>\n<p>El Parc de l\u2019Agulla va entrar en funcionament el 1977, al voltant del llac artificial que s\u2019hi va construir per assegurar la reserva d\u2019aigua de Manresa, amb aigua procedent de la S\u00e9quia medieval de la ciutat. Envoltant el llac, el parc de l\u2019Agulla acull m\u00e9s de 600 arbres de 20 esp\u00e8cies diferents, a m\u00e9s d\u2019\u00e0mplies zones amb gespa i espais per al joc infantil i la pr\u00e0ctica esportiva que fan d\u2019aquest espai un dels m\u00e9s visitats a la comarca.<\/p>\n<p>Al Parc i als espais naturals i agr\u00edcoles que l\u2019envolten conflueixen valors ambientals, ecol\u00f2gics, agraris i culturals que el doten d\u2019una gran singularitat i el converteixen en un \u00e0mbit estrat\u00e8gic per al Pla de Bages. \u00c9s, alhora, un indret de lleure ciutad\u00e0 i un punt de connexi\u00f3 de les planes agr\u00edcoles del Poal, Viladordis i el Grau.<\/p>\n<p>Cal tenir en compte, per\u00f2, que des de l\u2019entrada en funcionament del parc el seu entorn ha esdevingut lloc de pas de diverses infraestructures, com l\u2019eix Transversal (C-25), la ronda de Manresa o l\u2019ampliaci\u00f3 de l\u2019eix del Llobregat, que n\u2019han dificultat l\u2019acc\u00e9s a peu.<\/p>\n<p>Per pal\u00b7liar aquesta situaci\u00f3 i refor\u00e7ar el paper territorial del parc de l\u2019Agulla amb pol\u00edtiques municipals conjuntes, el 2006 es va crear un Consorci Urban\u00edstic de l\u2019Agulla, format pels dos ajuntaments. Des de llavors, el consorci ha elaborat estudis i propostes de regulaci\u00f3 urban\u00edstica del parc per possibilitar-ne l\u2019ampliaci\u00f3. L\u2019abast supramunicipal del parc, per\u00f2, va posar de manifest la necessitat de dotar-se d\u2019una figura urban\u00edstica capa\u00e7 de superar els l\u00edmits de cada municipi, motiu pel qual a finals del 2019 es va sol\u00b7licitar a la Generalitat la redacci\u00f3 d\u2019un Pla Director Urban\u00edstic.<\/p>\n<p><strong><u>\u00a0<\/u><\/strong><\/p>\n<p>[\/et_pb_text][\/et_pb_column][\/et_pb_row][\/et_pb_section]<\/p>\n","protected":false},"excerpt":{"rendered":"<p>\u200bEl Govern, a trav\u00e9s del Departament de la Vicepresid\u00e8ncia i de Pol\u00edtiques Digitals i Territori, impulsar\u00e0 a Manresa i Sant Fruit\u00f3s de Bages un proc\u00e9s participatiu previ a la redacci\u00f3 del nou Pla Director Urban\u00edstic (PDU) del Parc de l\u2019Agulla. Es tracta d\u2019un instrument de planificaci\u00f3 supramunicipal, que dotar\u00e0 els dos municipis d\u2019un marc urban\u00edstic [&hellip;]<\/p>\n","protected":false},"author":4,"featured_media":5157,"comment_status":"closed","ping_status":"closed","sticky":false,"template":"","format":"standard","meta":{"_et_pb_use_builder":"on","_et_pb_old_content":"","_et_gb_content_width":"","footnotes":""},"categories":[39,34],"tags":[],"class_list":["post-5154","post","type-post","status-publish","format-standard","has-post-thumbnail","hentry","category-responsabilitat-social-corporativa","category-ajuntaments-i-entitats"],"_links":{"self":[{"href":"https:\/\/www.aiguesmanresa.cat\/es\/wp-json\/wp\/v2\/posts\/5154","targetHints":{"allow":["GET"]}}],"collection":[{"href":"https:\/\/www.aiguesmanresa.cat\/es\/wp-json\/wp\/v2\/posts"}],"about":[{"href":"https:\/\/www.aiguesmanresa.cat\/es\/wp-json\/wp\/v2\/types\/post"}],"author":[{"embeddable":true,"href":"https:\/\/www.aiguesmanresa.cat\/es\/wp-json\/wp\/v2\/users\/4"}],"replies":[{"embeddable":true,"href":"https:\/\/www.aiguesmanresa.cat\/es\/wp-json\/wp\/v2\/comments?post=5154"}],"version-history":[{"count":0,"href":"https:\/\/www.aiguesmanresa.cat\/es\/wp-json\/wp\/v2\/posts\/5154\/revisions"}],"wp:featuredmedia":[{"embeddable":true,"href":"https:\/\/www.aiguesmanresa.cat\/es\/wp-json\/wp\/v2\/media\/5157"}],"wp:attachment":[{"href":"https:\/\/www.aiguesmanresa.cat\/es\/wp-json\/wp\/v2\/media?parent=5154"}],"wp:term":[{"taxonomy":"category","embeddable":true,"href":"https:\/\/www.aiguesmanresa.cat\/es\/wp-json\/wp\/v2\/categories?post=5154"},{"taxonomy":"post_tag","embeddable":true,"href":"https:\/\/www.aiguesmanresa.cat\/es\/wp-json\/wp\/v2\/tags?post=5154"}],"curies":[{"name":"wp","href":"https:\/\/api.w.org\/{rel}","templated":true}]}}