{"id":4987,"date":"2021-10-08T12:00:51","date_gmt":"2021-10-08T10:00:51","guid":{"rendered":"https:\/\/www.aiguesmanresa.cat\/?p=4987"},"modified":"2021-11-03T08:26:08","modified_gmt":"2021-11-03T07:26:08","slug":"exit-jornada-tecnica-aigua","status":"publish","type":"post","link":"https:\/\/www.aiguesmanresa.cat\/es\/exit-jornada-tecnica-aigua\/","title":{"rendered":"\u00c8xit de participaci\u00f3 a la 1a Jornada T\u00e8cnica de l&#8217;Aigua"},"content":{"rendered":"<p>[et_pb_section fb_built=\u00bb1&#8243; _builder_version=\u00bb4.9.4&#8243; _module_preset=\u00bbdefault\u00bb global_colors_info=\u00bb{}\u00bb][et_pb_row _builder_version=\u00bb4.9.4&#8243; _module_preset=\u00bbdefault\u00bb global_colors_info=\u00bb{}\u00bb][et_pb_column type=\u00bb4_4&#8243; _builder_version=\u00bb4.9.4&#8243; _module_preset=\u00bbdefault\u00bb global_colors_info=\u00bb{}\u00bb][et_pb_text _builder_version=\u00bb4.10.8&#8243; _module_preset=\u00bbdefault\u00bb global_colors_info=\u00bb{}\u00bb]<\/p>\n<ul>\n<li><strong>La Jornada es pot recuperar al canal de Youtube d&#8217;Aig\u00fces de Manresa o seguint aquest enlla\u00e7: <a href=\"https:\/\/www.youtube.com\/watch?v=eWlkbomhVkA\">1a Jornada T\u00e8cnica de l&#8217;Aigua<\/a><\/strong><\/li>\n<\/ul>\n<p>El dimecres 6 d\u2019octubre es va portar a terme la 1a Jornada T\u00e8cnica de l\u2019Aigua en format h\u00edbrid, presencial i online. En format presencial va ser un \u00e8xit, omplint les 60 places disponibles, i online, arribant a les 58 visualitzacions.<\/p>\n<p>En el primer bloc vam comptar amb tres experts en el sector de l\u2019aigua que amb les seves confer\u00e8ncies van emmarcar i guiar la jornada. El dr. Xavier Martinez Llad\u00f3, cap de la unitat tecnol\u00f2gica d\u2019aigua, aire i s\u00f2ls d\u2019<a href=\"https:\/\/eurecat.org\/\">Eurecat<\/a>, parlant sobre <strong>Circularitat<\/strong>. La sra. Marta Oliveras Vila, t\u00e8cnica superior de Salut P\u00fablica de Catalunya \u00a0que ens va parlar sobre la <strong>Qualitat<\/strong> de l\u2019aigua de xarxa i la nova directiva Europea, i finalment el dr. Xavier Amores Bravo, director del <a href=\"http:\/\/www.cwp.cat\/\">Catalan Water Partnership<\/a>, que va introduir el concepte de <strong>Digitalitzaci\u00f3<\/strong> en el sector.<\/p>\n<p>En el segon bloc, sis empreses de Catalunya i del sector de l\u2019aigua, ens van presentar solucions i propostes innovadores i emmarcades en els tres conceptes centrals. Les empreses participants van ser <a href=\"http:\/\/aeris.es\/\">Aeris<\/a>, <a href=\"https:\/\/www.bgeo.es\/\">BGEO<\/a>, <a href=\"https:\/\/bluephage.com\/\">Bluephage<\/a>, <a href=\"https:\/\/www.createch360.com\/\">Createch 360\u00ba<\/a>, <a href=\"https:\/\/ewatts-tech.com\/ca\/\">E-Watts<\/a> i <a href=\"https:\/\/weandb.org\/\">We&amp;B<\/a>.<\/p>\n<p>Aquestes sis empreses van poder aprofundir en la seva feina en les reunions de networking posteriors on els assistents a la Jornada interessats van poder trobar-s\u2019hi. Es van portar a terme 16 reunions en paral\u00b7lel.<\/p>\n<p>I finalment la jornada la va cloure una taula rodona sobre el llibre Aigua 3.0 a Catalunya, on hi van participar en Ricard Tom\u00e0s, ex director adjunt a ger\u00e8ncia d\u2019Aig\u00fces de Manresa, el dr. Manel Poch, director de LEQUIA, en Manel Isard, responsable de Medi Fluvial del Consorci Bes\u00f2s Tordera i en Marc Moliner, cap de departament d&#8217;Estrat\u00e8gia i Regulaci\u00f3 de l\u2019ACA. Tots ells professionals del m\u00f3n de l\u2019aigua amb molts anys d\u2019experi\u00e8ncia i amb una visi\u00f3 \u00fatil en la transici\u00f3 cap a nous paradigmes.<\/p>\n<p>La valoraci\u00f3 tant des de l\u2019organitzaci\u00f3 com del p\u00fablic assistent va ser molt positiva, i esperem poder repetir l\u2019experi\u00e8ncia l\u2019any seg\u00fcent.<\/p>\n<p>[\/et_pb_text][et_pb_text _builder_version=\u00bb4.11.3&#8243; _module_preset=\u00bbdefault\u00bb global_colors_info=\u00bb{}\u00bb]<\/p>\n<p>En aquest desplegable podreu veure les presentacions que es van portar a terme. El contingut ha estat creat espec\u00edficament per aquesta jornada i no es pot utilitzar sense el consentiment dels seus autors i autores.<\/p>\n<p>[\/et_pb_text][\/et_pb_column][\/et_pb_row][et_pb_row column_structure=\u00bb1_2,1_2&#8243; _builder_version=\u00bb4.11.3&#8243; _module_preset=\u00bbdefault\u00bb global_colors_info=\u00bb{}\u00bb][et_pb_column type=\u00bb1_2&#8243; _builder_version=\u00bb4.11.3&#8243; _module_preset=\u00bbdefault\u00bb global_colors_info=\u00bb{}\u00bb][et_pb_text _builder_version=\u00bb4.11.3&#8243; _module_preset=\u00bbdefault\u00bb global_colors_info=\u00bb{}\u00bb]<\/p>\n<h4>PRIMERA PART<\/h4>\n<p>[\/et_pb_text][et_pb_accordion _builder_version=\u00bb4.11.3&#8243; _module_preset=\u00bbdefault\u00bb global_colors_info=\u00bb{}\u00bb][et_pb_accordion_item title=\u00bbCIRCULARITAT\u00bb open=\u00bbon\u00bb _builder_version=\u00bb4.11.3&#8243; _module_preset=\u00bbdefault\u00bb global_colors_info=\u00bb{}\u00bb]<\/p>\n<p>Xavier Martinez Llad\u00f3<\/p>\n<p>Enginyer Qu\u00edmic per la Universitat Polit\u00e8cnica de Catalunya (2003) i Postgrau en Sistemes de Gesti\u00f3 Ambiental per la mateixa universitat (2003). Va realitzar la tesi doctoral a la UPC (2003-2008) en la distribuci\u00f3 i mobilitat d\u2019elements tra\u00e7a en s\u00f2ls i establint els valors de fons d\u2019aquests elements en s\u00f2ls de Catalunya. Des del 2008 treballa a Eurecat primer com a investigador i actualment al capdavant de la unitat tecnol\u00f2gica aigua, aire i s\u00f2ls. La seva principal missi\u00f3 en aquesta posici\u00f3 \u00e9s coordinar projectes de R+D+i per millorar la sostenibilitat de les empreses a traves de disminuir l\u2019impacte sobre l\u2019aigua, l\u2019aire i el s\u00f2l i els recursos associats.<\/p>\n<p><a href=\"https:\/\/www.aiguesmanresa.cat\/wp-content\/uploads\/2021\/10\/20211006_EURECAT_XavierMartinez_CIRCULARITAT.pdf\" rel=\"attachment wp-att-5048\">20211006_EURECAT_XavierMartinez_CIRCULARITAT<\/a><\/p>\n<p>[\/et_pb_accordion_item][et_pb_accordion_item title=\u00bbQUALITAT\u00bb _builder_version=\u00bb4.11.3&#8243; _module_preset=\u00bbdefault\u00bb global_colors_info=\u00bb{}\u00bb open=\u00bboff\u00bb]<\/p>\n<p>Marta Oliveras Vila<\/p>\n<p>Llicenciada en Farm\u00e0cia, actualment \u00e9s T\u00e8cnic Superior en Salut P\u00fablica a la Catalunya Central, concretament al Bages, on es porten a terme programes de protecci\u00f3 de la salut. Concretament treballa en programes ambientals sobre qualitat de les aig\u00fces de consum hum\u00e0, salubritat dels llocs de conviv\u00e8ncia humana, prevenci\u00f3 de legionel\u00b7losi i seguretat de productes qu\u00edmics i \u00fas de plaguicides i\/o biocides. \u00a0<\/p>\n<p><a href=\"https:\/\/www.aiguesmanresa.cat\/wp-content\/uploads\/2021\/10\/20211006_MartaOliverasVila_QUALITAT.pdf\" rel=\"attachment wp-att-5050\">20211006_MartaOliverasVila_QUALITAT<\/a><\/p>\n<p>[\/et_pb_accordion_item][et_pb_accordion_item title=\u00bbDIGITALITZACI\u00d3\u00bb _builder_version=\u00bb4.11.3&#8243; _module_preset=\u00bbdefault\u00bb global_colors_info=\u00bb{}\u00bb open=\u00bboff\u00bb]<\/p>\n<p>Xavier Amores Bravo<\/p>\n<p>\u00c9s el Director del Catalan Water Partnership (CWP) des de fa m\u00e9s de 10 anys. El CWP \u00e9s el cl\u00faster de l\u2019aigua de Catalunya amb m\u00e9s de 100 entitats associades i que promou la millora competitiva, la innovaci\u00f3 i la digitalitzaci\u00f3 del sector de l\u2019aigua. Doctor en Empresa i Enginyer Industrial, director del MBA de la Universitat de Girona i professor associat a EADA Business School. Anteriorment havia treballat en la consultoria i en l\u2019administraci\u00f3 p\u00fablica a ACCIO i l\u2019ICAEN, amb una experi\u00e8ncia de m\u00e9s de 20 anys en gesti\u00f3 de projectes d\u2019R+D, d\u2019innovaci\u00f3 i de millora competitiva.<\/p>\n<p><a href=\"https:\/\/www.aiguesmanresa.cat\/wp-content\/uploads\/2021\/10\/20211006_CWP_XavierAmores_DIGITALITZACIO.pdf\" rel=\"attachment wp-att-5052\">20211006_CWP_XavierAmores_DIGITALITZACIO<\/a><\/p>\n<p>[\/et_pb_accordion_item][\/et_pb_accordion][\/et_pb_column][et_pb_column type=\u00bb1_2&#8243; _builder_version=\u00bb4.11.3&#8243; _module_preset=\u00bbdefault\u00bb global_colors_info=\u00bb{}\u00bb][et_pb_text _builder_version=\u00bb4.11.3&#8243; _module_preset=\u00bbdefault\u00bb global_colors_info=\u00bb{}\u00bb]<\/p>\n<h4>SEGONA PART<\/h4>\n<p>[\/et_pb_text][et_pb_accordion _builder_version=\u00bb4.11.3&#8243; _module_preset=\u00bbdefault\u00bb global_colors_info=\u00bb{}\u00bb][et_pb_accordion_item title=\u00bbAERIS\u00bb open=\u00bbon\u00bb _builder_version=\u00bb4.11.3&#8243; _module_preset=\u00bbdefault\u00bb global_colors_info=\u00bb{}\u00bb]<\/p>\n<p>\u00c9s una <em>spin-off<\/em> de la Universitat Aut\u00f2noma de Barcelona constitu\u00efda per experts del grup de recerca GENOCOV amb la voluntat d&#8217;ajudar a ind\u00fastries i entitats p\u00fabliques a millorar la qualitat ambiental de les seves emissions. A m\u00e9s del desenvolupament de tecnologies \u00abclaus en m\u00e0\u00bb per al tractament d&#8217;aig\u00fces i gasos contaminants, AERIS porta a terme una important tasca investigadora. Des de 2015 AERIS ostenta el segell de PIME innovadora del Ministeri d&#8217;Economia i Competitivitat.\u00a0<\/p>\n<p><a href=\"https:\/\/www.aiguesmanresa.cat\/wp-content\/uploads\/2021\/10\/20211006_AERIS.pdf\" rel=\"attachment wp-att-5059\">20211006_AERIS<\/a><\/p>\n<p>[\/et_pb_accordion_item][et_pb_accordion_item title=\u00bbBGEO\u00bb _builder_version=\u00bb4.11.3&#8243; _module_preset=\u00bbdefault\u00bb global_colors_info=\u00bb{}\u00bb open=\u00bboff\u00bb]<\/p>\n<p>\u00c9s una empresa amb m\u00e9s de 15 anys d&#8217;experi\u00e8ncia implementant tot tipus de projectes GIS en codi obert. Aquesta tecnologia permet a les organitzacions optimitzar la gesti\u00f3 dels seus recursos sobre el territori. Empresa l\u00edder en implementacions de GISWATER, l&#8217;eina 100% <em>open source<\/em>\u00a0per a la gesti\u00f3 del cicle integral de l&#8217;aigua. GISWATER \u00e9s una tecnologia extraordin\u00e0riament potent al servei dels ajuntaments i les empreses concession\u00e0ries dels serveis d&#8217;aigua i de sanejament. Els nostres clients poden anar molt m\u00e9s lluny amb el nostre acompanyament.<\/p>\n<p><a href=\"https:\/\/www.aiguesmanresa.cat\/wp-content\/uploads\/2021\/10\/20211006_BGEO.pdf\" rel=\"attachment wp-att-5061\">20211006_BGEO<\/a><\/p>\n<p>[\/et_pb_accordion_item][et_pb_accordion_item title=\u00bbBLUEPHAGE\u00bb _builder_version=\u00bb4.11.3&#8243; _module_preset=\u00bbdefault\u00bb global_colors_info=\u00bb{}\u00bb open=\u00bboff\u00bb]<\/p>\n<p>\u00c9s una spin-off de la Universitat de Barcelona nascuda el 2016. La nostra missi\u00f3 \u00e9s augmentar i millorar el control microbiol\u00f2gic de l&#8217;aigua mitjan\u00e7ant indicadors virals proporcionant kits f\u00e0cils d&#8217;utilitzar, r\u00e0pids, senzills, fiables i econ\u00f2mics per analitzar els colifags, garantint aix\u00ed aigua segura per a un m\u00f3n millor.<\/p>\n<p><a href=\"https:\/\/www.aiguesmanresa.cat\/wp-content\/uploads\/2021\/10\/Bluephage_presentacio.pdf\" rel=\"attachment wp-att-5063\">Bluephage_presentaci\u00f3<\/a><\/p>\n<p>[\/et_pb_accordion_item][et_pb_accordion_item title=\u00bbCREATECH 360\u00ba\u00bb _builder_version=\u00bb4.11.3&#8243; _module_preset=\u00bbdefault\u00bb global_colors_info=\u00bb{}\u00bb open=\u00bboff\u00bb]<\/p>\n<p>\u00c9s una empresa tecnol\u00f2gica que proporciona a les instal\u00b7lacions d&#8217;aig\u00fces i aig\u00fces residuals una plataforma d&#8217;intel\u00b7lig\u00e8ncia operativa que aporta solucions de control intel\u00b7ligent en temps real, monitoritzaci\u00f3 avan\u00e7ada i sistemes d&#8217;ajuda a la decisi\u00f3 per reduir les despeses operatives, millorant la fiabilitat i garantint els par\u00e0metres de qualitat.<\/p>\n<p><a href=\"https:\/\/www.aiguesmanresa.cat\/wp-content\/uploads\/2021\/10\/20211006_Createch360o.pdf\" rel=\"attachment wp-att-5065\">20211006_Createch360\u00ba<\/a><\/p>\n<p>[\/et_pb_accordion_item][et_pb_accordion_item title=\u00bbE-WATTS\u00bb _builder_version=\u00bb4.11.3&#8243; _module_preset=\u00bbdefault\u00bb global_colors_info=\u00bb{}\u00bb open=\u00bboff\u00bb]<\/p>\n<p>\u00c9s una empresa especialitzada en tecnologia Electroqu\u00edmica amb m\u00e9s de 30 anys d&#8217;experi\u00e8ncia. Desenvolupament de noves tecnologies (R+D, patents tecnol\u00f2giques) i projectes d&#8217;enginyeria enfocats al tractament\/recuperaci\u00f3 d&#8217;aig\u00fces de proc\u00e9s, aig\u00fces residuals, regeneraci\u00f3 de solucions de rentada de gasos, minimitzaci\u00f3 i valoritzaci\u00f3 de residus i producci\u00f3 o cogeneraci\u00f3 d&#8217;Hidrogen.<\/p>\n<p><a href=\"https:\/\/www.aiguesmanresa.cat\/wp-content\/uploads\/2021\/10\/20211006_EWATTS.pdf\" rel=\"attachment wp-att-5068\">20211006_EWATTS<\/a><\/p>\n<p>[\/et_pb_accordion_item][et_pb_accordion_item title=\u00bbWE&#038;B\u00bb _builder_version=\u00bb4.11.3&#8243; _module_preset=\u00bbdefault\u00bb global_colors_info=\u00bb{}\u00bb open=\u00bboff\u00bb]<\/p>\n<p>Mitjan\u00e7ant un enfocament transversal, WE&amp;B integra sistemes socials i empresarials per resoldre problemes ambientals complexos. La contribuci\u00f3 \u00fanica de WE&amp;B rau en la seva capacitat per involucrar tots els grups d&#8217;inter\u00e8s rellevants de les comunitats (enfocament ascendent) als responsables pol\u00edtics per abordar conjuntament la complexitat dels problemes ambientals i oferir solucions espec\u00edfiques i professionals.<\/p>\n<p><a href=\"https:\/\/www.aiguesmanresa.cat\/wp-content\/uploads\/2021\/10\/20211006_WEB.pdf\" rel=\"attachment wp-att-5070\">20211006_WE&amp;B<\/a><\/p>\n<p>[\/et_pb_accordion_item][\/et_pb_accordion][\/et_pb_column][\/et_pb_row][et_pb_row _builder_version=\u00bb4.11.3&#8243; _module_preset=\u00bbdefault\u00bb global_colors_info=\u00bb{}\u00bb][et_pb_column type=\u00bb4_4&#8243; _builder_version=\u00bb4.11.3&#8243; _module_preset=\u00bbdefault\u00bb global_colors_info=\u00bb{}\u00bb][et_pb_text _builder_version=\u00bb4.11.3&#8243; _module_preset=\u00bbdefault\u00bb global_colors_info=\u00bb{}\u00bb]<\/p>\n<p><strong>FOTOGRAFIES DE LA JORNADA<\/strong><\/p>\n<p>[\/et_pb_text][et_pb_gallery gallery_ids=\u00bb5089,5091,5093,5095,5097,5099,5101,5103,5105,5107,5109,5111,5113,5115,5117,5119,5121,5078,5080&#8243; gallery_orderby=\u00bbrand\u00bb show_title_and_caption=\u00bboff\u00bb _builder_version=\u00bb4.11.3&#8243; _module_preset=\u00bbdefault\u00bb global_colors_info=\u00bb{}\u00bb][\/et_pb_gallery][\/et_pb_column][\/et_pb_row][\/et_pb_section]<\/p>\n","protected":false},"excerpt":{"rendered":"<p>La Jornada es pot recuperar al canal de Youtube d&#8217;Aig\u00fces de Manresa o seguint aquest enlla\u00e7: 1a Jornada T\u00e8cnica de l&#8217;Aigua El dimecres 6 d\u2019octubre es va portar a terme la 1a Jornada T\u00e8cnica de l\u2019Aigua en format h\u00edbrid, presencial i online. En format presencial va ser un \u00e8xit, omplint les 60 places disponibles, i [&hellip;]<\/p>\n","protected":false},"author":4,"featured_media":5004,"comment_status":"closed","ping_status":"closed","sticky":false,"template":"","format":"standard","meta":{"_et_pb_use_builder":"on","_et_pb_old_content":"","_et_gb_content_width":"","footnotes":""},"categories":[40,39,35,34],"tags":[],"class_list":["post-4987","post","type-post","status-publish","format-standard","has-post-thumbnail","hentry","category-sostenibilitat","category-responsabilitat-social-corporativa","category-empresa","category-ajuntaments-i-entitats"],"_links":{"self":[{"href":"https:\/\/www.aiguesmanresa.cat\/es\/wp-json\/wp\/v2\/posts\/4987","targetHints":{"allow":["GET"]}}],"collection":[{"href":"https:\/\/www.aiguesmanresa.cat\/es\/wp-json\/wp\/v2\/posts"}],"about":[{"href":"https:\/\/www.aiguesmanresa.cat\/es\/wp-json\/wp\/v2\/types\/post"}],"author":[{"embeddable":true,"href":"https:\/\/www.aiguesmanresa.cat\/es\/wp-json\/wp\/v2\/users\/4"}],"replies":[{"embeddable":true,"href":"https:\/\/www.aiguesmanresa.cat\/es\/wp-json\/wp\/v2\/comments?post=4987"}],"version-history":[{"count":0,"href":"https:\/\/www.aiguesmanresa.cat\/es\/wp-json\/wp\/v2\/posts\/4987\/revisions"}],"wp:featuredmedia":[{"embeddable":true,"href":"https:\/\/www.aiguesmanresa.cat\/es\/wp-json\/wp\/v2\/media\/5004"}],"wp:attachment":[{"href":"https:\/\/www.aiguesmanresa.cat\/es\/wp-json\/wp\/v2\/media?parent=4987"}],"wp:term":[{"taxonomy":"category","embeddable":true,"href":"https:\/\/www.aiguesmanresa.cat\/es\/wp-json\/wp\/v2\/categories?post=4987"},{"taxonomy":"post_tag","embeddable":true,"href":"https:\/\/www.aiguesmanresa.cat\/es\/wp-json\/wp\/v2\/tags?post=4987"}],"curies":[{"name":"wp","href":"https:\/\/api.w.org\/{rel}","templated":true}]}}