{"id":4973,"date":"2021-09-08T13:39:41","date_gmt":"2021-09-08T11:39:41","guid":{"rendered":"https:\/\/www.aiguesmanresa.cat\/?p=4973"},"modified":"2021-09-21T16:05:26","modified_gmt":"2021-09-21T14:05:26","slug":"obrim-les-inscripcions-a-la-1a-jornada-tecnica-de-laigua","status":"publish","type":"post","link":"https:\/\/www.aiguesmanresa.cat\/es\/obrim-les-inscripcions-a-la-1a-jornada-tecnica-de-laigua\/","title":{"rendered":"Obrim les inscripcions a la 1a Jornada T\u00e8cnica de l&#8217;Aigua"},"content":{"rendered":"<p>Ja hem activitat les inscripcions a la\u00a0<b>1a Jornada T\u00e8cnica de l\u2019Aigua<\/b>, el proper\u00a0<b>6 d\u2019octubre de 2021<\/b>\u00a0al\u00a0<b>mat\u00ed,<\/b>\u00a0amb la col\u00b7laboraci\u00f3 de\u00a0<a title=\"https:\/\/www.congiac.com\/ca\" href=\"https:\/\/www.congiac.com\/ca\" data-cke-saved-href=\"https:\/\/www.congiac.com\/ca\" data-interception=\"on\">CONGIAC<\/a>,\u00a0l\u2019<a href=\"https:\/\/www.manresa.cat\/\" data-cke-saved-href=\"https:\/\/www.manresa.cat\/\">Ajuntament de Manresa<\/a>,\u00a0<a href=\"http:\/\/www.firamanresa.cat\/\" data-cke-saved-href=\"http:\/\/www.firamanresa.cat\/\">Turisme i Fires de Manresa<\/a>, el\u00a0<a href=\"http:\/\/www.cwp.cat\/\" data-cke-saved-href=\"http:\/\/www.cwp.cat\/\">Catalan Water Partnership<\/a>,\u00a0<a href=\"https:\/\/eurecat.org\/\" data-cke-saved-href=\"https:\/\/eurecat.org\/\">Eurecat<\/a>\u00a0i l\u2019<a href=\"https:\/\/salutpublica.gencat.cat\/ca\/inici\" data-cke-saved-href=\"https:\/\/salutpublica.gencat.cat\/ca\/inici\">Ag\u00e8ncia de Salut P\u00fablica de Catalunya<\/a>.<\/p>\n<p>La 1a Jornada T\u00e8cnica de l\u2019Aigua neix amb l\u2019objectiu de crear un espai compartit on poder trobar-nos empreses, entitats p\u00fabliques i centres de recerca per parlar sobre el cicle integral de l\u2019aigua.\u00a0En l&#8217;edici\u00f3 d&#8217;enguany girar\u00e0 a l\u2019entorn de tres eixos:\u00a0<strong>CIRCULARITAT, QUALITAT i DIGITALITZACI\u00d3<\/strong>.<\/p>\n<p>En aquest enlla\u00e7 trobareu el\u00a0<a href=\"http:\/\/www.firamanresa.cat\/ecoviure\/menu\/13232-forum-aigua\" data-cke-saved-href=\"http:\/\/www.firamanresa.cat\/ecoviure\/menu\/13232-forum-aigua\"><b>PROGRAMA DE LA JORNADA<\/b><\/a>, i en aquest altre, el\u00a0<a href=\"https:\/\/forms.office.com\/pages\/responsepage.aspx?id=PHkGO1hCh0qTTysDWRp4Cqo6X0uFOJREgXsJHUDrdaNUOUNOSEJWRlRMMEFPRlhRVEhPMktWUEg4OS4u\" data-cke-saved-href=\"https:\/\/forms.office.com\/pages\/responsepage.aspx?id=PHkGO1hCh0qTTysDWRp4Cqo6X0uFOJREgXsJHUDrdaNUOUNOSEJWRlRMMEFPRlhRVEhPMktWUEg4OS4u\"><b>FORMULARI D\u2019INSCRIPCI\u00d3<\/b><\/a><\/p>\n","protected":false},"excerpt":{"rendered":"<p>Ja hem activitat les inscripcions a la\u00a01a Jornada T\u00e8cnica de l\u2019Aigua, el proper\u00a06 d\u2019octubre de 2021\u00a0al\u00a0mat\u00ed,\u00a0amb la col\u00b7laboraci\u00f3 de\u00a0CONGIAC,\u00a0l\u2019Ajuntament de Manresa,\u00a0Turisme i Fires de Manresa, el\u00a0Catalan Water Partnership,\u00a0Eurecat\u00a0i l\u2019Ag\u00e8ncia de Salut P\u00fablica de Catalunya. La 1a Jornada T\u00e8cnica de l\u2019Aigua neix amb l\u2019objectiu de crear un espai compartit on poder trobar-nos empreses, entitats p\u00fabliques i [&hellip;]<\/p>\n","protected":false},"author":4,"featured_media":4974,"comment_status":"closed","ping_status":"closed","sticky":false,"template":"","format":"standard","meta":{"_et_pb_use_builder":"","_et_pb_old_content":"","_et_gb_content_width":"","footnotes":""},"categories":[40,39,35,34],"tags":[],"class_list":["post-4973","post","type-post","status-publish","format-standard","has-post-thumbnail","hentry","category-sostenibilitat","category-responsabilitat-social-corporativa","category-empresa","category-ajuntaments-i-entitats"],"_links":{"self":[{"href":"https:\/\/www.aiguesmanresa.cat\/es\/wp-json\/wp\/v2\/posts\/4973","targetHints":{"allow":["GET"]}}],"collection":[{"href":"https:\/\/www.aiguesmanresa.cat\/es\/wp-json\/wp\/v2\/posts"}],"about":[{"href":"https:\/\/www.aiguesmanresa.cat\/es\/wp-json\/wp\/v2\/types\/post"}],"author":[{"embeddable":true,"href":"https:\/\/www.aiguesmanresa.cat\/es\/wp-json\/wp\/v2\/users\/4"}],"replies":[{"embeddable":true,"href":"https:\/\/www.aiguesmanresa.cat\/es\/wp-json\/wp\/v2\/comments?post=4973"}],"version-history":[{"count":0,"href":"https:\/\/www.aiguesmanresa.cat\/es\/wp-json\/wp\/v2\/posts\/4973\/revisions"}],"wp:featuredmedia":[{"embeddable":true,"href":"https:\/\/www.aiguesmanresa.cat\/es\/wp-json\/wp\/v2\/media\/4974"}],"wp:attachment":[{"href":"https:\/\/www.aiguesmanresa.cat\/es\/wp-json\/wp\/v2\/media?parent=4973"}],"wp:term":[{"taxonomy":"category","embeddable":true,"href":"https:\/\/www.aiguesmanresa.cat\/es\/wp-json\/wp\/v2\/categories?post=4973"},{"taxonomy":"post_tag","embeddable":true,"href":"https:\/\/www.aiguesmanresa.cat\/es\/wp-json\/wp\/v2\/tags?post=4973"}],"curies":[{"name":"wp","href":"https:\/\/api.w.org\/{rel}","templated":true}]}}