{"id":4961,"date":"2021-09-07T10:33:01","date_gmt":"2021-09-07T08:33:01","guid":{"rendered":"https:\/\/www.aiguesmanresa.cat\/?p=4961"},"modified":"2021-11-03T08:27:07","modified_gmt":"2021-11-03T07:27:07","slug":"ecoviure-fara-entre-setmana-4-jornades-professionals-dedicades-a-lagricultura-ecologica-laigua-els-residus-i-les-renovables","status":"publish","type":"post","link":"https:\/\/www.aiguesmanresa.cat\/es\/ecoviure-fara-entre-setmana-4-jornades-professionals-dedicades-a-lagricultura-ecologica-laigua-els-residus-i-les-renovables\/","title":{"rendered":"Ecoviure far\u00e0 entre setmana 4 jornades professionals dedicades a l&#8217;agricultura ecol\u00f2gica, l&#8217;aigua, els residus i les renovables"},"content":{"rendered":"<p>La fira Ecoviure ja t\u00e9 a punt el programa de les jornades professionals que tindran lloc del 3 al 5 d\u2019octubre i que seran la pr\u00e8via al cap de setmana de fira mercat adre\u00e7at al p\u00fablic generalista. Les jornades professionals estaran centrades en l\u2019agricultura ecol\u00f2gica, l\u2019aigua, els residus i les energies renovables, i estan organitzades per entitats de refer\u00e8ncia en aquests \u00e0mbits com s\u00f3n l\u2019Escola Agr\u00e0ria de Manresa, Aig\u00fces de Manresa i el Consorci del Bages per a la Gesti\u00f3 de Residus. Amb aquesta proposta, novetat de l\u2019edici\u00f3 d\u2019enguany, Ecoviure refor\u00e7a el seu posicionament entre el p\u00fablic professional i amplia la seva durada, que passa a ser de gaireb\u00e9 una setmana sencera sumant la part professional i la part adre\u00e7ada al p\u00fablic. Les inscripcions per a les jornades professionals estaran properament actives al web <a href=\"http:\/\/www.ecoviure.cat\">www.ecoviure.cat<\/a>.<\/p>\n<p>La primera jornada que es far\u00e0 girar\u00e0 entorn a l\u2019agricultura ecol\u00f2gica i est\u00e0 programada per al dimarts 5 d\u2019octubre. Es tracta d\u2019una jornada t\u00e8cnica en l\u00ednia en qu\u00e8 es parlar\u00e0 sobre l\u2019aprofitament d\u2019aig\u00fces pluvials en una finca ecol\u00f2gica, els assecadors solars en agricultura i el s\u00f2l viu en agricultura. Aquesta jornada est\u00e0 organitzada per l\u2019Escola Agr\u00e0ria de Manresa.<\/p>\n<p>La seg\u00fcent jornada ser\u00e0 la primera <a href=\"http:\/\/www.firamanresa.cat\/ecoviure\/menu\/13232-forum-aigua\">Jornada T\u00e8cnica de l\u2019Aigua<\/a>. Estar\u00e0 organitzada per Aig\u00fces de Manresa i se centrar\u00e0 en aspectes com la circularitat, la qualitat i la digitalitzaci\u00f3. Tindr\u00e0 lloc el dimecres 6 d\u2019octubre i neix amb l&#8217;objectiu de crear un espai compartit per a empreses, entitats p\u00fabliques i centres de recerca per parlar sobre el cicle integral de l&#8217;aigua.<\/p>\n<p>El dijous dia 7 d\u2019octubre ser\u00e0 el torn dels residus, en una jornada organitzada pel Consorci del Bages per a la Gesti\u00f3 de Residus on s\u2019exposaran diferents experi\u00e8ncies de canvi en el model de recollida de residus, com s\u00f3n la implementaci\u00f3 del porta a porta o dels contenidors tancats. Tamb\u00e9 hi haur\u00e0 una taula rodona amb la participaci\u00f3 dels professionals que estan a peu de carrer i una sessi\u00f3 de coaching.<\/p>\n<p><strong>El F\u00f2rum Energia, una cita consolidada<\/strong><\/p>\n<p>El F\u00f2rum Energia \u00e9s ja una cita consolidada per als professionals del sector de les energies renovables. Com \u00e9s habitual, es far\u00e0 el divendres anterior a la fira, el dia 7 d\u2019octubre, i aquest any el tema girar\u00e0 a l\u2019entorn de les estrat\u00e8gies col\u00b7laboratives en transici\u00f3 energ\u00e8tica. Hi participaran experts, t\u00e8cnics de l\u2019administraci\u00f3 i professionals de diferents empreses dedicades a les energies renovables, que hi exposaran experi\u00e8ncies relacionades amb les comunitats energ\u00e8tiques o la gesti\u00f3 i el consum col\u00b7laboratius.<\/p>\n<p><strong>Una setmana dedicada al medi ambient<\/strong><\/p>\n<p>Ecoviure, que tindr\u00e0 lloc a Manresa del 5 al 10 d\u2019octubre, \u00e9s una de les fires m\u00e9s antigues de Catalunya dedicada al medi ambient i la sostenibilitat. Enguany, la fira es far\u00e0 durant m\u00e9s dies, amb dos grans blocs diferenciats adre\u00e7ats al p\u00fablic professional i al generalista. El cap de setmana, el Palau Firal de Manresa s\u2019omplir\u00e0 de propostes d\u2019alimentaci\u00f3 ecol\u00f2gica, cosm\u00e8tica natural, t\u00e8xtil sostenible, bioconstrucci\u00f3, etc., que es complementaran amb tallers, tastos i un programa espec\u00edfic adre\u00e7at al p\u00fablic infantil: el Petit Ecoviure.<\/p>\n<p>Ecoviure est\u00e0 organitzada per l\u2019Ajuntament de Manresa i la Fundaci\u00f3 Turisme i Fires de Manresa amb col\u00b7laboraci\u00f3 de la Generalitat de Catalunya, la Diputaci\u00f3 de Barcelona, la Cambra de Comer\u00e7 de Manresa, el Consorci del Bages per a la Gesti\u00f3 de Residus, Aig\u00fces de Manresa i l\u2019Escola Agr\u00e0ria de Manresa.<\/p>\n","protected":false},"excerpt":{"rendered":"<p>La fira Ecoviure ja t\u00e9 a punt el programa de les jornades professionals que tindran lloc del 3 al 5 d\u2019octubre i que seran la pr\u00e8via al cap de setmana de fira mercat adre\u00e7at al p\u00fablic generalista. Les jornades professionals estaran centrades en l\u2019agricultura ecol\u00f2gica, l\u2019aigua, els residus i les energies renovables, i estan organitzades [&hellip;]<\/p>\n","protected":false},"author":4,"featured_media":4962,"comment_status":"closed","ping_status":"closed","sticky":false,"template":"","format":"standard","meta":{"_et_pb_use_builder":"","_et_pb_old_content":"","_et_gb_content_width":"","footnotes":""},"categories":[40,39,35],"tags":[],"class_list":["post-4961","post","type-post","status-publish","format-standard","has-post-thumbnail","hentry","category-sostenibilitat","category-responsabilitat-social-corporativa","category-empresa"],"_links":{"self":[{"href":"https:\/\/www.aiguesmanresa.cat\/es\/wp-json\/wp\/v2\/posts\/4961","targetHints":{"allow":["GET"]}}],"collection":[{"href":"https:\/\/www.aiguesmanresa.cat\/es\/wp-json\/wp\/v2\/posts"}],"about":[{"href":"https:\/\/www.aiguesmanresa.cat\/es\/wp-json\/wp\/v2\/types\/post"}],"author":[{"embeddable":true,"href":"https:\/\/www.aiguesmanresa.cat\/es\/wp-json\/wp\/v2\/users\/4"}],"replies":[{"embeddable":true,"href":"https:\/\/www.aiguesmanresa.cat\/es\/wp-json\/wp\/v2\/comments?post=4961"}],"version-history":[{"count":0,"href":"https:\/\/www.aiguesmanresa.cat\/es\/wp-json\/wp\/v2\/posts\/4961\/revisions"}],"wp:featuredmedia":[{"embeddable":true,"href":"https:\/\/www.aiguesmanresa.cat\/es\/wp-json\/wp\/v2\/media\/4962"}],"wp:attachment":[{"href":"https:\/\/www.aiguesmanresa.cat\/es\/wp-json\/wp\/v2\/media?parent=4961"}],"wp:term":[{"taxonomy":"category","embeddable":true,"href":"https:\/\/www.aiguesmanresa.cat\/es\/wp-json\/wp\/v2\/categories?post=4961"},{"taxonomy":"post_tag","embeddable":true,"href":"https:\/\/www.aiguesmanresa.cat\/es\/wp-json\/wp\/v2\/tags?post=4961"}],"curies":[{"name":"wp","href":"https:\/\/api.w.org\/{rel}","templated":true}]}}