{"id":4908,"date":"2021-08-03T08:08:21","date_gmt":"2021-08-03T06:08:21","guid":{"rendered":"https:\/\/www.aiguesmanresa.cat\/?p=4908"},"modified":"2021-11-03T08:27:36","modified_gmt":"2021-11-03T07:27:36","slug":"el-consum-daigua-el-2020-augmenta-6-litres-per-habitant-i-dia-respecte-el-2019","status":"publish","type":"post","link":"https:\/\/www.aiguesmanresa.cat\/es\/el-consum-daigua-el-2020-augmenta-6-litres-per-habitant-i-dia-respecte-el-2019\/","title":{"rendered":"El consum d\u2019aigua el 2020 augmenta 6 litres per habitant i dia respecte el 2019"},"content":{"rendered":"<p>[et_pb_section fb_built=\u00bb1&#8243; _builder_version=\u00bb3.22&#8243; global_colors_info=\u00bb{}\u00bb][et_pb_row column_structure=\u00bb1_2,1_2&#8243; _builder_version=\u00bb3.25&#8243; background_size=\u00bbinitial\u00bb background_position=\u00bbtop_left\u00bb background_repeat=\u00bbrepeat\u00bb global_colors_info=\u00bb{}\u00bb][et_pb_column type=\u00bb1_2&#8243; _builder_version=\u00bb3.25&#8243; custom_padding=\u00bb|||\u00bb global_colors_info=\u00bb{}\u00bb custom_padding__hover=\u00bb|||\u00bb][et_pb_text _builder_version=\u00bb4.9.10&#8243; background_size=\u00bbinitial\u00bb background_position=\u00bbtop_left\u00bb background_repeat=\u00bbrepeat\u00bb global_colors_info=\u00bb{}\u00bb]<\/p>\n<p><strong>La dada de consum del 2020 \u00e9s de 117, 84 litres i en canvi el 2019 est\u00e0vem als 111,7 litres per habitant i dia<\/strong><\/p>\n<p>Les dades de consums dom\u00e8stics registrats a Manresa durant el 2020 ens indiquen un augment de consum que trenca la tend\u00e8ncia a la baixa que segu\u00edem des del 2017.<\/p>\n<p>Aquest augment de consum segurament es deu a diversos factors, per\u00f2 especialment al confinament conseq\u00fc\u00e8ncia de la primera onada de la COVID-19, les restriccions de mobilitat que han fet que estiguem m\u00e9s a casa, l\u2019augment d\u2019\u00fas d\u2019aigua per neteja i desinfecci\u00f3, o fins i tot la calor, ja que segons el <a href=\"https:\/\/www.meteo.cat\/wpweb\/climatologia\/el-clima-ara\/tendencia-climatica\/tendencia-al-conjunt-de-catalunya\/\">Servei Meteorol\u00f2gic de Catalunya<\/a>, l\u2019any 2020 va ser l\u2019any m\u00e9s c\u00e0lid des del 1950.<\/p>\n<p>El primer semestre del 2021 presenta una tend\u00e8ncia a la baixa respecte el 2020, situant-se una mica per sota dels 116 litres per habitant i dia.<\/p>\n<p>[\/et_pb_text][\/et_pb_column][et_pb_column type=\u00bb1_2&#8243; _builder_version=\u00bb3.25&#8243; custom_padding=\u00bb|||\u00bb global_colors_info=\u00bb{}\u00bb custom_padding__hover=\u00bb|||\u00bb][et_pb_image src=\u00bbhttps:\/\/www.aiguesmanresa.cat\/wp-content\/uploads\/2021\/08\/evolucio-consum.png\u00bb title_text=\u00bbevolucio consum\u00bb _builder_version=\u00bb4.9.10&#8243; _module_preset=\u00bbdefault\u00bb global_colors_info=\u00bb{}\u00bb][\/et_pb_image][\/et_pb_column][\/et_pb_row][\/et_pb_section]<\/p>\n","protected":false},"excerpt":{"rendered":"<p>La dada de consum del 2020 \u00e9s de 117, 84 litres i en canvi el 2019 est\u00e0vem als 111,7 litres per habitant i dia Les dades de consums dom\u00e8stics registrats a Manresa durant el 2020 ens indiquen un augment de consum que trenca la tend\u00e8ncia a la baixa que segu\u00edem des del 2017. Aquest augment [&hellip;]<\/p>\n","protected":false},"author":4,"featured_media":4914,"comment_status":"closed","ping_status":"closed","sticky":false,"template":"","format":"standard","meta":{"_et_pb_use_builder":"on","_et_pb_old_content":"<p><strong>La dada de consum del 2020 \u00e9s de 117, 84 litres i en canvi el 2019 est\u00e0vem als 111,7 litres per habitant i dia<\/strong><\/p><p>Les dades de consums dom\u00e8stics registrats a Manresa durant el 2020 ens indiquen un augment de consum que trenca la tend\u00e8ncia a la baixa que segu\u00edem des del 2017.<\/p><p>Aquest augment de consum segurament es deu a diversos factors, per\u00f2 especialment al confinament conseq\u00fc\u00e8ncia de la primera onada de la COVID-19, les restriccions de mobilitat que han fet que estiguem m\u00e9s a casa, l\u2019augment d\u2019\u00fas d\u2019aigua per neteja i desinfecci\u00f3, o fins i tot la calor, ja que segons el <a href=\"https:\/\/www.meteo.cat\/wpweb\/climatologia\/el-clima-ara\/tendencia-climatica\/tendencia-al-conjunt-de-catalunya\/\">Servei Meteorol\u00f2gic de Catalunya<\/a>, l\u2019any 2020 va ser l\u2019any m\u00e9s c\u00e0lid des del 1950.<\/p>","_et_gb_content_width":"","footnotes":""},"categories":[37,33],"tags":[],"class_list":["post-4908","post","type-post","status-publish","format-standard","has-post-thumbnail","hentry","category-dades","category-consum"],"_links":{"self":[{"href":"https:\/\/www.aiguesmanresa.cat\/es\/wp-json\/wp\/v2\/posts\/4908","targetHints":{"allow":["GET"]}}],"collection":[{"href":"https:\/\/www.aiguesmanresa.cat\/es\/wp-json\/wp\/v2\/posts"}],"about":[{"href":"https:\/\/www.aiguesmanresa.cat\/es\/wp-json\/wp\/v2\/types\/post"}],"author":[{"embeddable":true,"href":"https:\/\/www.aiguesmanresa.cat\/es\/wp-json\/wp\/v2\/users\/4"}],"replies":[{"embeddable":true,"href":"https:\/\/www.aiguesmanresa.cat\/es\/wp-json\/wp\/v2\/comments?post=4908"}],"version-history":[{"count":0,"href":"https:\/\/www.aiguesmanresa.cat\/es\/wp-json\/wp\/v2\/posts\/4908\/revisions"}],"wp:featuredmedia":[{"embeddable":true,"href":"https:\/\/www.aiguesmanresa.cat\/es\/wp-json\/wp\/v2\/media\/4914"}],"wp:attachment":[{"href":"https:\/\/www.aiguesmanresa.cat\/es\/wp-json\/wp\/v2\/media?parent=4908"}],"wp:term":[{"taxonomy":"category","embeddable":true,"href":"https:\/\/www.aiguesmanresa.cat\/es\/wp-json\/wp\/v2\/categories?post=4908"},{"taxonomy":"post_tag","embeddable":true,"href":"https:\/\/www.aiguesmanresa.cat\/es\/wp-json\/wp\/v2\/tags?post=4908"}],"curies":[{"name":"wp","href":"https:\/\/api.w.org\/{rel}","templated":true}]}}