{"id":4813,"date":"2021-06-29T19:35:32","date_gmt":"2021-06-29T17:35:32","guid":{"rendered":"https:\/\/www.aiguesmanresa.cat\/?p=4813"},"modified":"2021-11-03T08:31:09","modified_gmt":"2021-11-03T07:31:09","slug":"aigues-de-manresa-inicia-la-commemoracio-dels-40-anys","status":"publish","type":"post","link":"https:\/\/www.aiguesmanresa.cat\/es\/aigues-de-manresa-inicia-la-commemoracio-dels-40-anys\/","title":{"rendered":"Aig\u00fces de Manresa inicia la commemoraci\u00f3 dels 40 anys"},"content":{"rendered":"<p>[et_pb_section fb_built=\u00bb1&#8243; _builder_version=\u00bb4.9.4&#8243; _module_preset=\u00bbdefault\u00bb global_colors_info=\u00bb{}\u00bb][et_pb_row _builder_version=\u00bb4.9.4&#8243; _module_preset=\u00bbdefault\u00bb global_colors_info=\u00bb{}\u00bb][et_pb_column type=\u00bb4_4&#8243; _builder_version=\u00bb4.9.4&#8243; _module_preset=\u00bbdefault\u00bb global_colors_info=\u00bb{}\u00bb][et_pb_text _builder_version=\u00bb4.9.4&#8243; _module_preset=\u00bbdefault\u00bb global_colors_info=\u00bb{}\u00bb]<\/p>\n<p class=\"x_MsoNormal\" style=\"text-align: left;\" align=\"center\"><b><span lang=\"CA\">Aquesta tarda, al Museu de la T\u00e8cnica, ha tingut lloc el primer acte\u00a0<\/span><\/b><\/p>\n<p class=\"x_MsoNormal\" align=\"center\"><b><span lang=\"CA\">\u00a0<\/span><\/b><\/p>\n<p class=\"x_MsoNormal\"><span lang=\"CA\">El 29 de juny de 1981 l\u2019Ajuntament de Manresa va acordar la municipalitzaci\u00f3 del servei, que fins a les hores, havia portat la Junta de Aguas Potables de Manresa, una entitat sota la sobirania de la Junta General de Plomistes, que no estava inclosa en cap de les formes de gesti\u00f3 prevista per la Llei de R\u00e8gim Local i el seu Reglament de Serveis.\u00a0\u00a0\u00a0<\/span><\/p>\n<p class=\"x_MsoNormal\"><span lang=\"CA\">L\u2019acte ha comptat amb la pres\u00e8ncia dels alcaldes de Manresa que han estat presidents de l\u2019empresa\u00a0<\/span><span lang=\"CA\">i tamb\u00e9 amb els dos gerent.\u00a0<\/span><\/p>\n<p class=\"x_MsoNormal\"><span lang=\"CA\">Durant l\u2019acte, conduit per l\u2019actual gerent Antoni Ventura i Ribal, tamb\u00e9 hi han intervingut el primer gerent, en Josep Alabern Valent\u00ed, el primer alcalde democr\u00e0tic, l\u2019Il\u00b7lm. Sr. Joan Cornet i Prat, i l\u2019actual alcalde de Manresa, en Marc Aloy i Gu\u00e0rdia.\u00a0<\/span><\/p>\n<p class=\"x_MsoNormal\"><span lang=\"CA\">L\u2019Antoni Ventura ha destacat la import\u00e0ncia dels 40 anys, que \u201cpotser a alg\u00fa li semblaran pocs, per\u00f2 40 anys s\u00f3n una xifra que condensa el naixement i evoluci\u00f3 exponencial d\u2019un fen\u00f2men\u201d com \u00e9s l\u2019empresa Aig\u00fces de Manresa. Tot seguit, en Josep Alabern, ha explicat com van ser els or\u00edgens de l\u2019empresa, el 1981, i com es van pensar els estatus que tenien com a punts principals la \u201cvocaci\u00f3 comarcal i la gesti\u00f3 integrada de l\u2019aigua\u201d, que 40 anys s&#8217;ha vist que s&#8217;han acomplert amb escreix. Ha destacat tamb\u00e9 la complicitat i cooperaci\u00f3 dels diferents alcaldes que han presidit l\u2019empresa. \u00a0<\/span><\/p>\n<p class=\"x_MsoNormal\"><span lang=\"CA\">L\u2019alcalde Joan Cornet, ha comen\u00e7at amb una an\u00e8cdota personal que explica el perqu\u00e8 el fet p\u00fablic \u00e9s important per ell. I ha destacat que el millor que va fer va ser \u201cfitxar a l\u2019Alabern\u201d. Tamb\u00e9 ha remarcat la import\u00e0ncia del consens, que sempre s\u2019ha aconseguit. \u00a0<\/span><\/p>\n<p class=\"x_MsoNormal\"><span lang=\"CA\">I finalment, l\u2019alcalde Marc Aloy ha clos l\u2019acte remarcant, que en un moment de debat intens sobre la municipalitzaci\u00f3 de l\u2019aigua, a Manresa estem orgullosos de tenir una empresa que ja fa 40 anys que ho fa, \u201cuna empresa que en els darrers anys s\u2019ha transformat, ha sumat m\u00e9s municipis i serveis d\u2019abastament d\u2019aigua, sanejament i depuraci\u00f3.\u201d. Tamb\u00e9 ha explicat els reptes de futur que esperen a l\u2019empresa. Finalment ha felicitat els 40 anys, fruit de grans acords i consens. \u00a0<\/span><\/p>\n<p><span lang=\"CA\">Per celebrar aquest any, a partir del 29 de juny, i fins al 2022, es portaran a terme diverses accions, actes i celebracions que pretenen explicar l\u2019evoluci\u00f3 d\u2019aquest proc\u00e9s, les raons que hi van portar i els resultats que n\u2019ha donat al llarg d\u2019aquestes quatre d\u00e8cades. \u00a0<\/span><\/p>\n<p>[\/et_pb_text][\/et_pb_column][\/et_pb_row][\/et_pb_section]<\/p>\n","protected":false},"excerpt":{"rendered":"<p>Aquesta tarda, al Museu de la T\u00e8cnica, ha tingut lloc el primer acte\u00a0 \u00a0 El 29 de juny de 1981 l\u2019Ajuntament de Manresa va acordar la municipalitzaci\u00f3 del servei, que fins a les hores, havia portat la Junta de Aguas Potables de Manresa, una entitat sota la sobirania de la Junta General de Plomistes, que [&hellip;]<\/p>\n","protected":false},"author":4,"featured_media":4816,"comment_status":"closed","ping_status":"closed","sticky":false,"template":"","format":"standard","meta":{"_et_pb_use_builder":"on","_et_pb_old_content":"","_et_gb_content_width":"","footnotes":""},"categories":[35,34],"tags":[],"class_list":["post-4813","post","type-post","status-publish","format-standard","has-post-thumbnail","hentry","category-empresa","category-ajuntaments-i-entitats"],"_links":{"self":[{"href":"https:\/\/www.aiguesmanresa.cat\/es\/wp-json\/wp\/v2\/posts\/4813","targetHints":{"allow":["GET"]}}],"collection":[{"href":"https:\/\/www.aiguesmanresa.cat\/es\/wp-json\/wp\/v2\/posts"}],"about":[{"href":"https:\/\/www.aiguesmanresa.cat\/es\/wp-json\/wp\/v2\/types\/post"}],"author":[{"embeddable":true,"href":"https:\/\/www.aiguesmanresa.cat\/es\/wp-json\/wp\/v2\/users\/4"}],"replies":[{"embeddable":true,"href":"https:\/\/www.aiguesmanresa.cat\/es\/wp-json\/wp\/v2\/comments?post=4813"}],"version-history":[{"count":0,"href":"https:\/\/www.aiguesmanresa.cat\/es\/wp-json\/wp\/v2\/posts\/4813\/revisions"}],"wp:featuredmedia":[{"embeddable":true,"href":"https:\/\/www.aiguesmanresa.cat\/es\/wp-json\/wp\/v2\/media\/4816"}],"wp:attachment":[{"href":"https:\/\/www.aiguesmanresa.cat\/es\/wp-json\/wp\/v2\/media?parent=4813"}],"wp:term":[{"taxonomy":"category","embeddable":true,"href":"https:\/\/www.aiguesmanresa.cat\/es\/wp-json\/wp\/v2\/categories?post=4813"},{"taxonomy":"post_tag","embeddable":true,"href":"https:\/\/www.aiguesmanresa.cat\/es\/wp-json\/wp\/v2\/tags?post=4813"}],"curies":[{"name":"wp","href":"https:\/\/api.w.org\/{rel}","templated":true}]}}