{"id":4607,"date":"2021-04-21T11:16:30","date_gmt":"2021-04-21T09:16:30","guid":{"rendered":"https:\/\/www.aiguesmanresa.cat\/?p=4607"},"modified":"2021-11-03T08:33:05","modified_gmt":"2021-11-03T07:33:05","slug":"aigues-de-manresa-encarrega-a-ampans-el-servei-de-consergeria-del-parc-de-lagulla-durant-lestiu-fruit-de-la-collaboracio-per-fomentar-la-inclusio-sociolaboral","status":"publish","type":"post","link":"https:\/\/www.aiguesmanresa.cat\/es\/aigues-de-manresa-encarrega-a-ampans-el-servei-de-consergeria-del-parc-de-lagulla-durant-lestiu-fruit-de-la-collaboracio-per-fomentar-la-inclusio-sociolaboral\/","title":{"rendered":"Aig\u00fces de Manresa encarrega a AMPANS el servei de consergeria del Parc de l\u2019Agulla durant l\u2019estiu, fruit de la col\u00b7laboraci\u00f3 per fomentar la inclusi\u00f3 sociolaboral"},"content":{"rendered":"<p>[et_pb_section fb_built=\u00bb1&#8243; admin_label=\u00bbsection\u00bb _builder_version=\u00bb3.22&#8243; global_colors_info=\u00bb{}\u00bb][et_pb_row admin_label=\u00bbrow\u00bb _builder_version=\u00bb4.9.2&#8243; background_size=\u00bbinitial\u00bb background_position=\u00bbtop_left\u00bb background_repeat=\u00bbrepeat\u00bb global_colors_info=\u00bb{}\u00bb][et_pb_column type=\u00bb4_4&#8243; _builder_version=\u00bb3.25&#8243; custom_padding=\u00bb|||\u00bb global_colors_info=\u00bb{}\u00bb custom_padding__hover=\u00bb|||\u00bb][et_pb_text _builder_version=\u00bb4.9.2&#8243; _module_preset=\u00bbdefault\u00bb global_colors_info=\u00bb{}\u00bb]<\/p>\n<p><strong>Aquest servei s\u2019encarregar\u00e0 de refor\u00e7ar les mesures informatives pel compliment de la normativa del Parc, la neteja de les papereres i del tancament del recinte<\/strong><\/p>\n<p><strong>\u00a0<\/strong>Amb l\u2019arribada del bon temps, hi ha un augment d\u2019aflu\u00e8ncia de visitants al Parc de l\u2019Agulla, i \u00e9s necessari un refor\u00e7 en el seu manteniment. \u00c9s per aix\u00f2, que des de Setmana Santa el Parc de l\u2019Agulla compta amb AMPANS per fer el servei de consergeria del Parc de l\u2019Agulla durant els mesos d\u2019estiu.<\/p>\n<p>L\u2019entitat ja se n\u2019havia fet c\u00e0rrec amb anterioritat a la Covid, i aquesta primavera ha repr\u00e8s les tasques de consergeria, podent\u00a0 ocupar cinc persones dels serveis laborals de l\u2019entitat en diversos torns horaris de cap de setmana i estiu.\u00a0<\/p>\n<p>Aquest servei consisteix en el buidatge de les papereres, el tancament del parc, i el refor\u00e7 informatiu de les mesures pel compliment de la normativa. Aquest \u00faltim s\u2019ha vist ampliat per les mesures per evitar la propagaci\u00f3 de la COVID-19 que han de seguir els usuaris del parc i que s\u00f3n:<\/p>\n<ul>\n<li>Mantenir la dist\u00e0ncia de seguretat i evitar aglomeracions.<\/li>\n<li>L\u2019\u00fas obligatori de la mascareta pels majors de 6 anys.<\/li>\n<li>No es permet menjar ni beure en espais p\u00fablics.<\/li>\n<li>Els lavabos tenen un aforament m\u00e0xim d\u2019una persona.<\/li>\n<li>I els parcs i jardins no es poden utilitzar a partir de les 8 del vespre.<\/li>\n<\/ul>\n<p>Tamb\u00e9 hi ha recomanacions d\u2019\u00fas espec\u00edfiques per a la zona infantil.<\/p>\n<p>[\/et_pb_text][\/et_pb_column][\/et_pb_row][et_pb_row column_structure=\u00bb1_2,1_2&#8243; _builder_version=\u00bb4.9.2&#8243; _module_preset=\u00bbdefault\u00bb global_colors_info=\u00bb{}\u00bb][et_pb_column type=\u00bb1_2&#8243; _builder_version=\u00bb4.9.2&#8243; _module_preset=\u00bbdefault\u00bb global_colors_info=\u00bb{}\u00bb][et_pb_image src=\u00bbhttps:\/\/www.aiguesmanresa.cat\/wp-content\/uploads\/2021\/04\/Imatge1.jpg\u00bb title_text=\u00bbImatge1&#8243; _builder_version=\u00bb4.9.2&#8243; _module_preset=\u00bbdefault\u00bb global_colors_info=\u00bb{}\u00bb][\/et_pb_image][\/et_pb_column][et_pb_column type=\u00bb1_2&#8243; _builder_version=\u00bb4.9.2&#8243; _module_preset=\u00bbdefault\u00bb global_colors_info=\u00bb{}\u00bb][et_pb_image src=\u00bbhttps:\/\/www.aiguesmanresa.cat\/wp-content\/uploads\/2021\/04\/Imatge2.jpg\u00bb title_text=\u00bbImatge2&#8243; _builder_version=\u00bb4.9.2&#8243; _module_preset=\u00bbdefault\u00bb global_colors_info=\u00bb{}\u00bb][\/et_pb_image][\/et_pb_column][\/et_pb_row][et_pb_row _builder_version=\u00bb4.9.2&#8243; _module_preset=\u00bbdefault\u00bb global_colors_info=\u00bb{}\u00bb][et_pb_column type=\u00bb4_4&#8243; _builder_version=\u00bb4.9.2&#8243; _module_preset=\u00bbdefault\u00bb global_colors_info=\u00bb{}\u00bb][et_pb_text _builder_version=\u00bb4.9.2&#8243; _module_preset=\u00bbdefault\u00bb global_colors_info=\u00bb{}\u00bb]<\/p>\n<p>Responsables del Parc de la S\u00e8quia van fer formaci\u00f3 a l\u2019equip de persones d\u2019AMPANS que ja s\u2019encarreguen de les tasques des d\u2019aquest mateix mes d\u2019abril.<\/p>\n<p>El Parc de l\u2019Agulla, propietat de la Junta de la S\u00e9quia i Aig\u00fces de Manresa, est\u00e0 gestionat per la Fundaci\u00f3 Aig\u00fces de Manresa- Junta de la S\u00e9quia, qui ha coordinat el servei. Aquest s\u2019emmarca en el conveni signat entre Ampans i Aig\u00fces de Manresa el 2019 amb l\u2019objectiu de fomentar la inserci\u00f3 laboral de persones amb discapacitat intel\u00b7lectual.<\/p>\n<p>[\/et_pb_text][\/et_pb_column][\/et_pb_row][\/et_pb_section]<\/p>\n","protected":false},"excerpt":{"rendered":"<p>Aquest servei s\u2019encarregar\u00e0 de refor\u00e7ar les mesures informatives pel compliment de la normativa del Parc, la neteja de les papereres i del tancament del recinte \u00a0Amb l\u2019arribada del bon temps, hi ha un augment d\u2019aflu\u00e8ncia de visitants al Parc de l\u2019Agulla, i \u00e9s necessari un refor\u00e7 en el seu manteniment. \u00c9s per aix\u00f2, que des [&hellip;]<\/p>\n","protected":false},"author":4,"featured_media":4614,"comment_status":"closed","ping_status":"closed","sticky":false,"template":"","format":"standard","meta":{"_et_pb_use_builder":"on","_et_pb_old_content":"","_et_gb_content_width":"","footnotes":""},"categories":[39],"tags":[],"class_list":["post-4607","post","type-post","status-publish","format-standard","has-post-thumbnail","hentry","category-responsabilitat-social-corporativa"],"_links":{"self":[{"href":"https:\/\/www.aiguesmanresa.cat\/es\/wp-json\/wp\/v2\/posts\/4607","targetHints":{"allow":["GET"]}}],"collection":[{"href":"https:\/\/www.aiguesmanresa.cat\/es\/wp-json\/wp\/v2\/posts"}],"about":[{"href":"https:\/\/www.aiguesmanresa.cat\/es\/wp-json\/wp\/v2\/types\/post"}],"author":[{"embeddable":true,"href":"https:\/\/www.aiguesmanresa.cat\/es\/wp-json\/wp\/v2\/users\/4"}],"replies":[{"embeddable":true,"href":"https:\/\/www.aiguesmanresa.cat\/es\/wp-json\/wp\/v2\/comments?post=4607"}],"version-history":[{"count":0,"href":"https:\/\/www.aiguesmanresa.cat\/es\/wp-json\/wp\/v2\/posts\/4607\/revisions"}],"wp:featuredmedia":[{"embeddable":true,"href":"https:\/\/www.aiguesmanresa.cat\/es\/wp-json\/wp\/v2\/media\/4614"}],"wp:attachment":[{"href":"https:\/\/www.aiguesmanresa.cat\/es\/wp-json\/wp\/v2\/media?parent=4607"}],"wp:term":[{"taxonomy":"category","embeddable":true,"href":"https:\/\/www.aiguesmanresa.cat\/es\/wp-json\/wp\/v2\/categories?post=4607"},{"taxonomy":"post_tag","embeddable":true,"href":"https:\/\/www.aiguesmanresa.cat\/es\/wp-json\/wp\/v2\/tags?post=4607"}],"curies":[{"name":"wp","href":"https:\/\/api.w.org\/{rel}","templated":true}]}}