{"id":13752,"date":"2025-11-06T10:44:59","date_gmt":"2025-11-06T09:44:59","guid":{"rendered":"https:\/\/www.aiguesmanresa.cat\/manresa-conmemora-los-40-anos-de-la-depuradora-con-la-inauguracion-de-un-nuevo-espacio-expositivo-y-visitas-a-la-instalacion\/"},"modified":"2025-11-13T07:58:37","modified_gmt":"2025-11-13T06:58:37","slug":"manresa-conmemora-los-40-anos-de-la-depuradora-con-la-inauguracion-de-un-nuevo-espacio-expositivo-y-visitas-a-la-instalacion","status":"publish","type":"post","link":"https:\/\/www.aiguesmanresa.cat\/es\/manresa-conmemora-los-40-anos-de-la-depuradora-con-la-inauguracion-de-un-nuevo-espacio-expositivo-y-visitas-a-la-instalacion\/","title":{"rendered":"Se conmemoran los 40 a\u00f1os de la depuradora con la inauguraci\u00f3n de un nuevo espacio expositivo y visitas a la instalaci\u00f3n"},"content":{"rendered":"<p>[et_pb_section fb_built=\u00bb1&#8243; theme_builder_area=\u00bbpost_content\u00bb _builder_version=\u00bb4.27.4&#8243; _module_preset=\u00bbdefault\u00bb][et_pb_row _builder_version=\u00bb4.27.4&#8243; _module_preset=\u00bbdefault\u00bb theme_builder_area=\u00bbpost_content\u00bb][et_pb_column _builder_version=\u00bb4.27.4&#8243; _module_preset=\u00bbdefault\u00bb type=\u00bb4_4&#8243; theme_builder_area=\u00bbpost_content\u00bb][et_pb_text _builder_version=\u00bb4.27.4&#8243; _module_preset=\u00bbdefault\u00bb theme_builder_area=\u00bbpost_content\u00bb hover_enabled=\u00bb0&#8243; sticky_enabled=\u00bb0&#8243;]<\/p>\n<p>Este noviembre, Aig\u00fces de Manresa celebra el 40 aniversario de la depuradora de Manresa &#8211; Sant Joan de Vilatorrada, una infraestructura clave para la mejora ambiental del territorio y para el desarrollo sostenible del Bages.<\/p>\n<p><\/p>\n<p>Para conmemorar la efem\u00e9ride, se ha organizado un conjunto de actividades que ponen el foco en el valor del saneamiento y depuraci\u00f3n de aguas residuales. El acto central ser\u00e1 la inauguraci\u00f3n del nuevo espacio expositivo \u00abDepuradora de Manresa: Sanejament i futur\u00bb, que tendr\u00e1 lugar el lunes 24 de noviembre a las 17 h en el Museu de l&#8217;Aigua i el T\u00e8xtil.<\/p>\n<p><\/p>\n<p>La exposici\u00f3n ofrece una mirada divulgativa sobre el papel de la depuradora de Manresa en la mejora del medio ambiente y la calidad de vida. A trav\u00e9s de recursos visuales y audiovisuales la muestra permite descubrir c\u00f3mo funciona el proceso de depuraci\u00f3n y qu\u00e9 retos de futuro afronta el sector del saneamiento.<\/p>\n<p><\/p>\n<p>Como complemento a la inauguraci\u00f3n, el s\u00e1bado 29 de noviembre, de 10 a 13 h, se organizar\u00e1n visitas guiadas a la depuradora de Manresa, abiertas al p\u00fablico y previa inscripci\u00f3n. Las visitas permitir\u00e1n conocer de cerca las instalaciones y las innovaciones tecnol\u00f3gicas que se han implantado en los \u00faltimos a\u00f1os.<\/p>\n<p><\/p>\n<p>Las inscripciones se pueden realizar a trav\u00e9s del enlace: <a href=\"https:\/\/forms.office.com\/e\/N8fc336THh?origin=lprLink\">https:\/\/forms.office.com\/e\/N8fc336THh?origin=lprLink<\/a><\/p>\n<p><\/p>\n<p>Organizan:<br \/>Museu de l&#8217;Aigua i el T\u00e8xtil, Parc de la S\u00e8quia, Aig\u00fces de Manresa, Mancomunitat del Bages i del Moian\u00e8s per l&#8217;Aigua, Ajuntament de Manresa, Diputaci\u00f3 de Barcelona, \u200b\u200bGeneralitat de Catalunya \u2013 Departament de Cultura, Ag\u00e8ncia Catalana de l&#8217;Aigua y Generalitat de Catalunya<\/p>\n<p>[\/et_pb_text][\/et_pb_column][\/et_pb_row][\/et_pb_section]<\/p>\n","protected":false},"excerpt":{"rendered":"<p>Este noviembre, Aig\u00fces de Manresa celebra el 40 aniversario de la depuradora de Manresa &#8211; Sant Joan de Vilatorrada, una infraestructura clave para la mejora ambiental del territorio y para el desarrollo sostenible del Bages.Para conmemorar la efem\u00e9ride, se ha organizado un conjunto de actividades que ponen el foco en el valor del saneamiento y [&hellip;]<\/p>\n","protected":false},"author":4,"featured_media":13792,"comment_status":"closed","ping_status":"closed","sticky":false,"template":"","format":"standard","meta":{"_et_pb_use_builder":"on","_et_pb_old_content":"","_et_gb_content_width":"","footnotes":""},"categories":[57,41],"tags":[],"class_list":["post-13752","post","type-post","status-publish","format-standard","has-post-thumbnail","hentry","category-ayuntamientos-y-entidades","category-empresa-es"],"_links":{"self":[{"href":"https:\/\/www.aiguesmanresa.cat\/es\/wp-json\/wp\/v2\/posts\/13752","targetHints":{"allow":["GET"]}}],"collection":[{"href":"https:\/\/www.aiguesmanresa.cat\/es\/wp-json\/wp\/v2\/posts"}],"about":[{"href":"https:\/\/www.aiguesmanresa.cat\/es\/wp-json\/wp\/v2\/types\/post"}],"author":[{"embeddable":true,"href":"https:\/\/www.aiguesmanresa.cat\/es\/wp-json\/wp\/v2\/users\/4"}],"replies":[{"embeddable":true,"href":"https:\/\/www.aiguesmanresa.cat\/es\/wp-json\/wp\/v2\/comments?post=13752"}],"version-history":[{"count":9,"href":"https:\/\/www.aiguesmanresa.cat\/es\/wp-json\/wp\/v2\/posts\/13752\/revisions"}],"predecessor-version":[{"id":13808,"href":"https:\/\/www.aiguesmanresa.cat\/es\/wp-json\/wp\/v2\/posts\/13752\/revisions\/13808"}],"wp:featuredmedia":[{"embeddable":true,"href":"https:\/\/www.aiguesmanresa.cat\/es\/wp-json\/wp\/v2\/media\/13792"}],"wp:attachment":[{"href":"https:\/\/www.aiguesmanresa.cat\/es\/wp-json\/wp\/v2\/media?parent=13752"}],"wp:term":[{"taxonomy":"category","embeddable":true,"href":"https:\/\/www.aiguesmanresa.cat\/es\/wp-json\/wp\/v2\/categories?post=13752"},{"taxonomy":"post_tag","embeddable":true,"href":"https:\/\/www.aiguesmanresa.cat\/es\/wp-json\/wp\/v2\/tags?post=13752"}],"curies":[{"name":"wp","href":"https:\/\/api.w.org\/{rel}","templated":true}]}}