{"id":13736,"date":"2025-10-23T15:03:48","date_gmt":"2025-10-23T13:03:48","guid":{"rendered":"https:\/\/www.aiguesmanresa.cat\/el-parc-de-lagulla-cierra-temporalmente-por-fuerte-viento\/"},"modified":"2025-10-23T15:03:48","modified_gmt":"2025-10-23T13:03:48","slug":"el-parc-de-lagulla-cierra-temporalmente-por-fuerte-viento","status":"publish","type":"post","link":"https:\/\/www.aiguesmanresa.cat\/es\/el-parc-de-lagulla-cierra-temporalmente-por-fuerte-viento\/","title":{"rendered":"El Parc de l\u2019Agulla cierra temporalmente por fuerte viento"},"content":{"rendered":"<p>[et_pb_section fb_built=\u00bb1&#8243; theme_builder_area=\u00bbpost_content\u00bb _builder_version=\u00bb4.27.4&#8243; _module_preset=\u00bbdefault\u00bb][et_pb_row _builder_version=\u00bb4.27.4&#8243; _module_preset=\u00bbdefault\u00bb theme_builder_area=\u00bbpost_content\u00bb][et_pb_column _builder_version=\u00bb4.27.4&#8243; _module_preset=\u00bbdefault\u00bb type=\u00bb4_4&#8243; theme_builder_area=\u00bbpost_content\u00bb][et_pb_text _builder_version=\u00bb4.27.4&#8243; _module_preset=\u00bbdefault\u00bb theme_builder_area=\u00bbpost_content\u00bb hover_enabled=\u00bb0&#8243; sticky_enabled=\u00bb0&#8243;]<\/p>\n<p data-start=\"145\" data-end=\"326\">El acceso al Parc de l\u2019Agulla se ha cerrado esta tarde por precauci\u00f3n ante las fuertes rachas de viento, que pueden provocar la ca\u00edda de ramas y otros riesgos para los visitantes.<\/p>\n<p><\/p>\n<p data-start=\"328\" data-end=\"471\">El parque volver\u00e1 a abrir tan pronto como la intensidad del viento disminuya y las condiciones meteorol\u00f3gicas permitan hacerlo con seguridad.<\/p>\n<p>[\/et_pb_text][\/et_pb_column][\/et_pb_row][\/et_pb_section]<\/p>\n","protected":false},"excerpt":{"rendered":"<p>El acceso al Parc de l\u2019Agulla se ha cerrado esta tarde por precauci\u00f3n ante las fuertes rachas de viento, que pueden provocar la ca\u00edda de ramas y otros riesgos para los visitantes.El parque volver\u00e1 a abrir tan pronto como la intensidad del viento disminuya y las condiciones meteorol\u00f3gicas permitan hacerlo con seguridad.<\/p>\n","protected":false},"author":4,"featured_media":11848,"comment_status":"closed","ping_status":"closed","sticky":false,"template":"","format":"standard","meta":{"_et_pb_use_builder":"on","_et_pb_old_content":"","_et_gb_content_width":"","footnotes":""},"categories":[57,41],"tags":[],"class_list":["post-13736","post","type-post","status-publish","format-standard","has-post-thumbnail","hentry","category-ayuntamientos-y-entidades","category-empresa-es"],"_links":{"self":[{"href":"https:\/\/www.aiguesmanresa.cat\/es\/wp-json\/wp\/v2\/posts\/13736","targetHints":{"allow":["GET"]}}],"collection":[{"href":"https:\/\/www.aiguesmanresa.cat\/es\/wp-json\/wp\/v2\/posts"}],"about":[{"href":"https:\/\/www.aiguesmanresa.cat\/es\/wp-json\/wp\/v2\/types\/post"}],"author":[{"embeddable":true,"href":"https:\/\/www.aiguesmanresa.cat\/es\/wp-json\/wp\/v2\/users\/4"}],"replies":[{"embeddable":true,"href":"https:\/\/www.aiguesmanresa.cat\/es\/wp-json\/wp\/v2\/comments?post=13736"}],"version-history":[{"count":2,"href":"https:\/\/www.aiguesmanresa.cat\/es\/wp-json\/wp\/v2\/posts\/13736\/revisions"}],"predecessor-version":[{"id":13738,"href":"https:\/\/www.aiguesmanresa.cat\/es\/wp-json\/wp\/v2\/posts\/13736\/revisions\/13738"}],"wp:featuredmedia":[{"embeddable":true,"href":"https:\/\/www.aiguesmanresa.cat\/es\/wp-json\/wp\/v2\/media\/11848"}],"wp:attachment":[{"href":"https:\/\/www.aiguesmanresa.cat\/es\/wp-json\/wp\/v2\/media?parent=13736"}],"wp:term":[{"taxonomy":"category","embeddable":true,"href":"https:\/\/www.aiguesmanresa.cat\/es\/wp-json\/wp\/v2\/categories?post=13736"},{"taxonomy":"post_tag","embeddable":true,"href":"https:\/\/www.aiguesmanresa.cat\/es\/wp-json\/wp\/v2\/tags?post=13736"}],"curies":[{"name":"wp","href":"https:\/\/api.w.org\/{rel}","templated":true}]}}