{"id":13720,"date":"2025-10-23T12:13:26","date_gmt":"2025-10-23T10:13:26","guid":{"rendered":"https:\/\/www.aiguesmanresa.cat\/mas-de-120-profesionales-debaten-en-manresa-sobre-la-seguridad-en-el-mundo-del-agua\/"},"modified":"2025-10-23T13:35:21","modified_gmt":"2025-10-23T11:35:21","slug":"mas-de-120-profesionales-debaten-en-manresa-sobre-la-seguridad-en-el-mundo-del-agua","status":"publish","type":"post","link":"https:\/\/www.aiguesmanresa.cat\/es\/mas-de-120-profesionales-debaten-en-manresa-sobre-la-seguridad-en-el-mundo-del-agua\/","title":{"rendered":"M\u00e1s de 120 profesionales debaten en Manresa sobre la seguridad en el mundo del agua"},"content":{"rendered":"<p>[et_pb_section fb_built=\u00bb1&#8243; theme_builder_area=\u00bbpost_content\u00bb _builder_version=\u00bb4.27.4&#8243; _module_preset=\u00bbdefault\u00bb][et_pb_row _builder_version=\u00bb4.27.4&#8243; _module_preset=\u00bbdefault\u00bb theme_builder_area=\u00bbpost_content\u00bb][et_pb_column _builder_version=\u00bb4.27.4&#8243; _module_preset=\u00bbdefault\u00bb type=\u00bb4_4&#8243; theme_builder_area=\u00bbpost_content\u00bb][et_pb_text _builder_version=\u00bb4.27.4&#8243; _module_preset=\u00bbdefault\u00bb theme_builder_area=\u00bbpost_content\u00bb hover_enabled=\u00bb0&#8243; sticky_enabled=\u00bb0&#8243;]<\/p>\n<p data-start=\"91\" data-end=\"414\">La <strong data-start=\"94\" data-end=\"126\">5.\u00aa Jornada T\u00e9cnica del Agua<\/strong>, celebrada ayer 22 de octubre en el <strong data-start=\"163\" data-end=\"189\">Palau Firal de Manresa<\/strong> dentro de la <strong data-start=\"203\" data-end=\"220\">Fira Ecoviure<\/strong>, reuni\u00f3 a m\u00e1s de 120 profesionales para debatir c\u00f3mo garantizar una <strong data-start=\"289\" data-end=\"316\">gesti\u00f3n segura del agua<\/strong> en torno a cuatro ejes: <strong data-start=\"341\" data-end=\"411\">la calidad, las infraestructuras, la ciberseguridad y las personas<\/strong>.<\/p>\n<p><\/p>\n<p data-start=\"416\" data-end=\"666\">El acto, organizado por <strong data-start=\"440\" data-end=\"461\">Aig\u00fces de Manresa<\/strong> y el <strong data-start=\"467\" data-end=\"494\">Ayuntamiento de Manresa<\/strong>, cont\u00f3 con el apoyo de <strong data-start=\"518\" data-end=\"529\">Eurecat<\/strong>, el <strong data-start=\"534\" data-end=\"563\">Catalan Water Partnership<\/strong> y los <strong data-start=\"570\" data-end=\"598\">fondos NextGeneration-EU<\/strong> a trav\u00e9s del <strong data-start=\"612\" data-end=\"663\">PERTE para la digitalizaci\u00f3n del ciclo del agua<\/strong>.<\/p>\n<p><\/p>\n<p data-start=\"668\" data-end=\"914\">La sesi\u00f3n se abri\u00f3 con la bienvenida institucional de <strong data-start=\"722\" data-end=\"740\">Antoni Ventura<\/strong> (gerente de Aig\u00fces de Manresa), <strong data-start=\"773\" data-end=\"797\">Josep Llu\u00eds Armenter<\/strong> (director de la Agencia Catalana del Agua) y <strong data-start=\"843\" data-end=\"856\">Marc Aloy<\/strong> (alcalde de Manresa y presidente de Aig\u00fces de Manresa).<\/p>\n<p><\/p>\n<h3 data-start=\"921\" data-end=\"1001\"><strong data-start=\"925\" data-end=\"999\">Calidad del agua: ciencia y gesti\u00f3n para garantizar un servicio seguro<\/strong><\/h3>\n<p><\/p>\n<p data-start=\"1003\" data-end=\"1528\">La primera parte se centr\u00f3 en c\u00f3mo asegurar un <strong data-start=\"1050\" data-end=\"1092\">suministro de agua seguro y de calidad<\/strong>. Comenz\u00f3 con dos presentaciones de proyectos:<br data-start=\"1138\" data-end=\"1141\" \/><strong data-start=\"1141\" data-end=\"1158\">Mireia Fillol<\/strong> (ICRA) present\u00f3 la <strong data-start=\"1178\" data-end=\"1238\">Red Catalana de Indicadores de Salud en Aguas Residuales<\/strong>, una herramienta que permite controlar el estado sanitario de las aguas y prevenir riesgos para la salud.<br data-start=\"1344\" data-end=\"1347\" \/>Por su parte, <strong data-start=\"1361\" data-end=\"1380\">J\u00e9ssica Meijide<\/strong> (Eurecat) explic\u00f3 nuevos m\u00e9todos para eliminar <strong data-start=\"1428\" data-end=\"1465\">contaminantes persistentes (PFAS)<\/strong> del agua potable, uno de los retos ambientales m\u00e1s actuales.<\/p>\n<p><\/p>\n<p data-start=\"1530\" data-end=\"1912\">En la mesa redonda posterior, <strong data-start=\"1560\" data-end=\"1576\">Antoni Munn\u00e9<\/strong> (Agencia Catalana del Agua), la <strong data-start=\"1609\" data-end=\"1632\">Dra. Isabel Comerma<\/strong> (Althaia \u2013 Universitat Internacional de Catalunya), <strong data-start=\"1685\" data-end=\"1704\">Llu\u00eds Corominas<\/strong> (ICRA) y <strong data-start=\"1714\" data-end=\"1733\">J\u00e9ssica Meijide<\/strong>, moderados por <strong data-start=\"1749\" data-end=\"1764\">David G\u00fcell<\/strong> (Aig\u00fces de Manresa), coincidieron en la necesidad de unir <strong data-start=\"1823\" data-end=\"1870\">ciencia, gesti\u00f3n y concienciaci\u00f3n ciudadana<\/strong> para mantener la seguridad del recurso.<\/p>\n<p><\/p>\n<h3 data-start=\"1919\" data-end=\"1974\"><strong data-start=\"1923\" data-end=\"1972\">Infraestructuras: prepararse para los riesgos<\/strong><\/h3>\n<p><\/p>\n<p data-start=\"1976\" data-end=\"2379\">En la segunda sesi\u00f3n, dedicada a las <strong data-start=\"2013\" data-end=\"2042\">infraestructuras del agua<\/strong>, <strong data-start=\"2044\" data-end=\"2057\">Pablo Gil<\/strong> y <strong data-start=\"2060\" data-end=\"2078\">Manuel Salazar<\/strong> (ATL) expusieron estrategias para <strong data-start=\"2113\" data-end=\"2152\">proteger las instalaciones cr\u00edticas<\/strong> y garantizar el <strong data-start=\"2169\" data-end=\"2207\">funcionamiento fiable del servicio<\/strong> ante posibles riesgos.<br data-start=\"2230\" data-end=\"2233\" \/>Destacaron la importancia de <strong data-start=\"2262\" data-end=\"2312\">prevenir incidencias, reducir vulnerabilidades<\/strong> y <strong data-start=\"2315\" data-end=\"2342\">mejorar la coordinaci\u00f3n<\/strong> entre equipos t\u00e9cnicos y gestores.<\/p>\n<p><\/p>\n<h3 data-start=\"2386\" data-end=\"2458\"><strong data-start=\"2390\" data-end=\"2456\">Cuando el peligro llega por la red: la ciberseguridad a debate<\/strong><\/h3>\n<p><\/p>\n<p data-start=\"2460\" data-end=\"2972\">La mesa redonda sobre <strong data-start=\"2482\" data-end=\"2508\">ciberseguridad h\u00eddrica<\/strong>, moderada por <strong data-start=\"2523\" data-end=\"2541\">Sandra Bonillo<\/strong> (Universitat de Girona), reuni\u00f3 a <strong data-start=\"2576\" data-end=\"2591\">Jordi Vi\u00f1as<\/strong> (Depuradores d\u2019Osona), <strong data-start=\"2615\" data-end=\"2630\">Alejo Riera<\/strong> (Agencia de Ciberseguridad de Catalu\u00f1a), <strong data-start=\"2672\" data-end=\"2692\">Abel-Joel Agelet<\/strong> (Aig\u00fces de Manresa), <strong data-start=\"2714\" data-end=\"2729\">Juan Caubet<\/strong> (Eurecat) y <strong data-start=\"2742\" data-end=\"2756\">Paco L\u00f3pez<\/strong> (Aig\u00fces de Matar\u00f3).<br data-start=\"2776\" data-end=\"2779\" \/>El debate puso de relieve la necesidad de <strong data-start=\"2821\" data-end=\"2875\">integrar la seguridad digital en la gesti\u00f3n diaria<\/strong> de las empresas del sector y de <strong data-start=\"2908\" data-end=\"2969\">coordinar estrategias entre administraciones y operadores<\/strong>.<\/p>\n<p><\/p>\n<h3 data-start=\"2979\" data-end=\"3019\"><strong data-start=\"2983\" data-end=\"3017\">Las personas, la mejor defensa<\/strong><\/h3>\n<p><\/p>\n<p data-start=\"3021\" data-end=\"3415\">La directora de Operaciones de <strong data-start=\"3052\" data-end=\"3073\">Aig\u00fces de Manresa<\/strong>, <strong data-start=\"3075\" data-end=\"3091\">Esther Costa<\/strong>, subray\u00f3 el papel esencial del <strong data-start=\"3123\" data-end=\"3141\">talento humano<\/strong> en la seguridad del ciclo del agua.<br data-start=\"3177\" data-end=\"3180\" \/>Destac\u00f3 que la <strong data-start=\"3195\" data-end=\"3217\">formaci\u00f3n continua<\/strong>, la <strong data-start=\"3222\" data-end=\"3246\">cultura de seguridad<\/strong> y la <strong data-start=\"3252\" data-end=\"3282\">implicaci\u00f3n de los equipos<\/strong> son la mejor defensa ante cualquier amenaza, y apel\u00f3 a <strong data-start=\"3338\" data-end=\"3374\">fomentar la conciencia colectiva<\/strong> para proteger el recurso m\u00e1s esencial.<\/p>\n<p><\/p>\n<h3 data-start=\"3422\" data-end=\"3489\"><strong data-start=\"3426\" data-end=\"3487\">Clausura: colaboraci\u00f3n para un futuro seguro y sostenible<\/strong><\/h3>\n<p><\/p>\n<p data-start=\"3491\" data-end=\"3658\">El <strong data-start=\"3494\" data-end=\"3538\">concejal de Acci\u00f3n Clim\u00e1tica, Pol Huguet<\/strong>, cerr\u00f3 el acto con un llamamiento a <strong data-start=\"3575\" data-end=\"3655\">seguir trabajando conjuntamente por una gesti\u00f3n segura y sostenible del agua<\/strong>.<\/p>\n<p><\/p>\n<p data-start=\"3660\" data-end=\"3825\" data-is-last-node=\"\" data-is-only-node=\"\">La <strong data-start=\"3663\" data-end=\"3695\">5.\u00aa Jornada T\u00e9cnica del Agua<\/strong> dej\u00f3 claro que el futuro de un <strong data-start=\"3727\" data-end=\"3755\">agua segura y de calidad<\/strong> se construye con <strong data-start=\"3773\" data-end=\"3824\">conocimiento, tecnolog\u00eda y conciencia colectiva<\/strong>.<\/p>\n<p>[\/et_pb_text][\/et_pb_column][\/et_pb_row][\/et_pb_section]<\/p>\n","protected":false},"excerpt":{"rendered":"<p>La 5.\u00aa Jornada T\u00e9cnica del Agua, celebrada ayer 22 de octubre en el Palau Firal de Manresa dentro de la Fira Ecoviure, reuni\u00f3 a m\u00e1s de 120 profesionales para debatir c\u00f3mo garantizar una gesti\u00f3n segura del agua en torno a cuatro ejes: la calidad, las infraestructuras, la ciberseguridad y las personas.El acto, organizado por Aig\u00fces [&hellip;]<\/p>\n","protected":false},"author":4,"featured_media":13725,"comment_status":"closed","ping_status":"closed","sticky":false,"template":"","format":"standard","meta":{"_et_pb_use_builder":"on","_et_pb_old_content":"","_et_gb_content_width":"","footnotes":""},"categories":[129,57,41],"tags":[],"class_list":["post-13720","post","type-post","status-publish","format-standard","has-post-thumbnail","hentry","category-fondos-europeos","category-ayuntamientos-y-entidades","category-empresa-es"],"_links":{"self":[{"href":"https:\/\/www.aiguesmanresa.cat\/es\/wp-json\/wp\/v2\/posts\/13720","targetHints":{"allow":["GET"]}}],"collection":[{"href":"https:\/\/www.aiguesmanresa.cat\/es\/wp-json\/wp\/v2\/posts"}],"about":[{"href":"https:\/\/www.aiguesmanresa.cat\/es\/wp-json\/wp\/v2\/types\/post"}],"author":[{"embeddable":true,"href":"https:\/\/www.aiguesmanresa.cat\/es\/wp-json\/wp\/v2\/users\/4"}],"replies":[{"embeddable":true,"href":"https:\/\/www.aiguesmanresa.cat\/es\/wp-json\/wp\/v2\/comments?post=13720"}],"version-history":[{"count":4,"href":"https:\/\/www.aiguesmanresa.cat\/es\/wp-json\/wp\/v2\/posts\/13720\/revisions"}],"predecessor-version":[{"id":13729,"href":"https:\/\/www.aiguesmanresa.cat\/es\/wp-json\/wp\/v2\/posts\/13720\/revisions\/13729"}],"wp:featuredmedia":[{"embeddable":true,"href":"https:\/\/www.aiguesmanresa.cat\/es\/wp-json\/wp\/v2\/media\/13725"}],"wp:attachment":[{"href":"https:\/\/www.aiguesmanresa.cat\/es\/wp-json\/wp\/v2\/media?parent=13720"}],"wp:term":[{"taxonomy":"category","embeddable":true,"href":"https:\/\/www.aiguesmanresa.cat\/es\/wp-json\/wp\/v2\/categories?post=13720"},{"taxonomy":"post_tag","embeddable":true,"href":"https:\/\/www.aiguesmanresa.cat\/es\/wp-json\/wp\/v2\/tags?post=13720"}],"curies":[{"name":"wp","href":"https:\/\/api.w.org\/{rel}","templated":true}]}}