{"id":13659,"date":"2025-09-24T10:58:02","date_gmt":"2025-09-24T08:58:02","guid":{"rendered":"https:\/\/www.aiguesmanresa.cat\/aigues-manresa-presenta-su-proyecto-perte-en-el-spain-smart-water-summit-2025\/"},"modified":"2025-09-24T10:59:36","modified_gmt":"2025-09-24T08:59:36","slug":"aigues-manresa-presenta-su-proyecto-perte-en-el-spain-smart-water-summit-2025","status":"publish","type":"post","link":"https:\/\/www.aiguesmanresa.cat\/es\/aigues-manresa-presenta-su-proyecto-perte-en-el-spain-smart-water-summit-2025\/","title":{"rendered":"Aig\u00fces Manresa presenta su proyecto PERTE en el Spain Smart Water Summit 2025"},"content":{"rendered":"<p>[et_pb_section fb_built=\u00bb1&#8243; _builder_version=\u00bb4.27.4&#8243; _module_preset=\u00bbdefault\u00bb global_colors_info=\u00bb{}\u00bb][et_pb_row _builder_version=\u00bb4.27.4&#8243; _module_preset=\u00bbdefault\u00bb global_colors_info=\u00bb{}\u00bb][et_pb_column type=\u00bb4_4&#8243; _builder_version=\u00bb4.27.4&#8243; _module_preset=\u00bbdefault\u00bb global_colors_info=\u00bb{}\u00bb][et_pb_text _builder_version=\u00bb4.27.4&#8243; _module_preset=\u00bbdefault\u00bb global_colors_info=\u00bb{}\u00bb]<\/p>\n<p data-start=\"151\" data-end=\"499\">El gerente de Aig\u00fces Manresa, <strong data-start=\"201\" data-end=\"225\">Antoni Ventura i Ribal<\/strong>, ha presentado este martes en el <a href=\"https:\/\/www.iagua.es\/spain-smart-water-summit-2025\"><strong data-start=\"262\" data-end=\"295\">Spain Smart Water Summit 2025<\/strong><\/a>, organizado por <a href=\"https:\/\/www.iagua.es\/\">iAgua<\/a>, el proyecto <em data-start=\"331\" data-end=\"370\">\u201cSostenibilidad en el ciclo del agua\u201d<\/em>, distinguido con un PERTE. La ponencia se ha enmarcado en la sesi\u00f3n \u201cDigitalizaci\u00f3n del ciclo del agua en Catalu\u00f1a y Levante\u201d.<\/p>\n<p><\/p>\n<p data-start=\"501\" data-end=\"1109\">El proyecto supone una <strong data-start=\"524\" data-end=\"569\">inversi\u00f3n total de 10,6 millones de euros<\/strong>, con una subvenci\u00f3n superior a <strong data-start=\"601\" data-end=\"615\">6 millones<\/strong>, y se encuentra actualmente en un <strong data-start=\"650\" data-end=\"673\">60,5 % de ejecuci\u00f3n<\/strong>. Seg\u00fan explic\u00f3 Ventura, ya se han desplegado <strong data-start=\"725\" data-end=\"777\">21 actuaciones y m\u00e1s de 2.000 \u00f3rdenes de trabajo<\/strong>, que han permitido avanzar en \u00e1mbitos como la reingenier\u00eda de procesos digitales con tecnolog\u00edas <em data-start=\"875\" data-end=\"888\">open source<\/em>, la sensorizaci\u00f3n del ciclo integral del agua (con 335 sensores instalados de los 525 previstos), el despliegue de comunicaciones 4G con <em data-start=\"1026\" data-end=\"1034\">backup<\/em> LoRaWAN y la implantaci\u00f3n de modelos hidr\u00e1ulicos integrados en GISWATER.<\/p>\n<p><\/p>\n<p data-start=\"1111\" data-end=\"1458\">En su intervenci\u00f3n, el gerente de Aig\u00fces Manresa subray\u00f3 tambi\u00e9n los primeros <strong data-start=\"1189\" data-end=\"1220\">resultados medioambientales<\/strong>, con una mejora del <strong data-start=\"1241\" data-end=\"1270\">5 % en eficiencia h\u00eddrica<\/strong> y un <strong data-start=\"1276\" data-end=\"1326\">12,5 % de incremento en autoconsumo energ\u00e9tico<\/strong>. Entre los <strong data-start=\"1338\" data-end=\"1361\">beneficios sociales<\/strong>, destac\u00f3 la creaci\u00f3n del <a href=\"https:\/\/observatori.aiguesmanresa.cat\/\"><strong data-start=\"1387\" data-end=\"1412\">Observatorio del Agua<\/strong><\/a> y el fomento de la participaci\u00f3n ciudadana.<\/p>\n<p><\/p>\n<p data-start=\"1460\" data-end=\"1695\">Finalmente, Ventura resalt\u00f3 el impacto interno del proyecto dentro de la organizaci\u00f3n, que ha permitido avanzar hacia una toma de decisiones m\u00e1s eficiente e impulsar un <strong data-start=\"1635\" data-end=\"1654\">cambio cultural<\/strong> en la forma de trabajar de la empresa.<\/p>\n<p><\/p>\n<p data-start=\"1460\" data-end=\"1695\">Fotograf\u00eda: iAgua Conocimiento S.L.<\/p>\n<p>[\/et_pb_text][\/et_pb_column][\/et_pb_row][\/et_pb_section]<\/p>\n","protected":false},"excerpt":{"rendered":"<p>El gerente de Aig\u00fces Manresa, Antoni Ventura i Ribal, ha presentado este martes en el Spain Smart Water Summit 2025, organizado por iAgua, el proyecto \u201cSostenibilidad en el ciclo del agua\u201d, distinguido con un PERTE. La ponencia se ha enmarcado en la sesi\u00f3n \u201cDigitalizaci\u00f3n del ciclo del agua en Catalu\u00f1a y Levante\u201d.El proyecto supone una [&hellip;]<\/p>\n","protected":false},"author":4,"featured_media":13651,"comment_status":"closed","ping_status":"closed","sticky":false,"template":"","format":"standard","meta":{"_et_pb_use_builder":"on","_et_pb_old_content":"","_et_gb_content_width":"","footnotes":""},"categories":[129,61,41],"tags":[],"class_list":["post-13659","post","type-post","status-publish","format-standard","has-post-thumbnail","hentry","category-fondos-europeos","category-innovacion","category-empresa-es"],"_links":{"self":[{"href":"https:\/\/www.aiguesmanresa.cat\/es\/wp-json\/wp\/v2\/posts\/13659","targetHints":{"allow":["GET"]}}],"collection":[{"href":"https:\/\/www.aiguesmanresa.cat\/es\/wp-json\/wp\/v2\/posts"}],"about":[{"href":"https:\/\/www.aiguesmanresa.cat\/es\/wp-json\/wp\/v2\/types\/post"}],"author":[{"embeddable":true,"href":"https:\/\/www.aiguesmanresa.cat\/es\/wp-json\/wp\/v2\/users\/4"}],"replies":[{"embeddable":true,"href":"https:\/\/www.aiguesmanresa.cat\/es\/wp-json\/wp\/v2\/comments?post=13659"}],"version-history":[{"count":0,"href":"https:\/\/www.aiguesmanresa.cat\/es\/wp-json\/wp\/v2\/posts\/13659\/revisions"}],"wp:featuredmedia":[{"embeddable":true,"href":"https:\/\/www.aiguesmanresa.cat\/es\/wp-json\/wp\/v2\/media\/13651"}],"wp:attachment":[{"href":"https:\/\/www.aiguesmanresa.cat\/es\/wp-json\/wp\/v2\/media?parent=13659"}],"wp:term":[{"taxonomy":"category","embeddable":true,"href":"https:\/\/www.aiguesmanresa.cat\/es\/wp-json\/wp\/v2\/categories?post=13659"},{"taxonomy":"post_tag","embeddable":true,"href":"https:\/\/www.aiguesmanresa.cat\/es\/wp-json\/wp\/v2\/tags?post=13659"}],"curies":[{"name":"wp","href":"https:\/\/api.w.org\/{rel}","templated":true}]}}