{"id":13465,"date":"2025-07-07T15:03:08","date_gmt":"2025-07-07T13:03:08","guid":{"rendered":"https:\/\/www.aiguesmanresa.cat\/ya-tenemos-fecha-para-la-5a-jornada-tecnica-del-agua\/"},"modified":"2025-07-07T15:03:09","modified_gmt":"2025-07-07T13:03:09","slug":"ya-tenemos-fecha-para-la-5a-jornada-tecnica-del-agua","status":"publish","type":"post","link":"https:\/\/www.aiguesmanresa.cat\/es\/ya-tenemos-fecha-para-la-5a-jornada-tecnica-del-agua\/","title":{"rendered":"Ya tenemos fecha para la 5a Jornada T\u00e9cnica del Agua"},"content":{"rendered":"<p>[et_pb_section fb_built=\u00bb1&#8243; theme_builder_area=\u00bbpost_content\u00bb _builder_version=\u00bb4.27.4&#8243; _module_preset=\u00bbdefault\u00bb][et_pb_row _builder_version=\u00bb4.27.4&#8243; _module_preset=\u00bbdefault\u00bb theme_builder_area=\u00bbpost_content\u00bb][et_pb_column _builder_version=\u00bb4.27.4&#8243; _module_preset=\u00bbdefault\u00bb type=\u00bb4_4&#8243; theme_builder_area=\u00bbpost_content\u00bb][et_pb_text _builder_version=\u00bb4.27.4&#8243; _module_preset=\u00bbdefault\u00bb theme_builder_area=\u00bbpost_content\u00bb hover_enabled=\u00bb0&#8243; sticky_enabled=\u00bb0&#8243;]<\/p>\n<p>El 22 de octubre del 2025 llega la 5a edici\u00f3n de la Jornada T\u00e9cnica del Agua, organizada por Aig\u00fces Manresa en el marco de la Feria Ecoviure.\u00a0<\/p>\n<p><\/p>\n<p>Este a\u00f1o contar\u00e1 con un programa que busca mostrar ideas y propuestas sobre la seguridad en el mundo del agua: Calidad, Infraestructuras, Ciberseguridad y Personas.<\/p>\n<p>[\/et_pb_text][\/et_pb_column][\/et_pb_row][\/et_pb_section]<\/p>\n","protected":false},"excerpt":{"rendered":"<p>El 22 de octubre del 2025 llega la 5a edici\u00f3n de la Jornada T\u00e9cnica del Agua, organizada por Aig\u00fces Manresa en el marco de la Feria Ecoviure.\u00a0Este a\u00f1o contar\u00e1 con un programa que busca mostrar ideas y propuestas sobre la seguridad en el mundo del agua: Calidad, Infraestructuras, Ciberseguridad y Personas.<\/p>\n","protected":false},"author":4,"featured_media":13461,"comment_status":"closed","ping_status":"closed","sticky":false,"template":"","format":"standard","meta":{"_et_pb_use_builder":"on","_et_pb_old_content":"","_et_gb_content_width":"","footnotes":""},"categories":[129,64,41],"tags":[],"class_list":["post-13465","post","type-post","status-publish","format-standard","has-post-thumbnail","hentry","category-fondos-europeos","category-responsabilidad-social-corporativa","category-empresa-es"],"_links":{"self":[{"href":"https:\/\/www.aiguesmanresa.cat\/es\/wp-json\/wp\/v2\/posts\/13465","targetHints":{"allow":["GET"]}}],"collection":[{"href":"https:\/\/www.aiguesmanresa.cat\/es\/wp-json\/wp\/v2\/posts"}],"about":[{"href":"https:\/\/www.aiguesmanresa.cat\/es\/wp-json\/wp\/v2\/types\/post"}],"author":[{"embeddable":true,"href":"https:\/\/www.aiguesmanresa.cat\/es\/wp-json\/wp\/v2\/users\/4"}],"replies":[{"embeddable":true,"href":"https:\/\/www.aiguesmanresa.cat\/es\/wp-json\/wp\/v2\/comments?post=13465"}],"version-history":[{"count":0,"href":"https:\/\/www.aiguesmanresa.cat\/es\/wp-json\/wp\/v2\/posts\/13465\/revisions"}],"wp:featuredmedia":[{"embeddable":true,"href":"https:\/\/www.aiguesmanresa.cat\/es\/wp-json\/wp\/v2\/media\/13461"}],"wp:attachment":[{"href":"https:\/\/www.aiguesmanresa.cat\/es\/wp-json\/wp\/v2\/media?parent=13465"}],"wp:term":[{"taxonomy":"category","embeddable":true,"href":"https:\/\/www.aiguesmanresa.cat\/es\/wp-json\/wp\/v2\/categories?post=13465"},{"taxonomy":"post_tag","embeddable":true,"href":"https:\/\/www.aiguesmanresa.cat\/es\/wp-json\/wp\/v2\/tags?post=13465"}],"curies":[{"name":"wp","href":"https:\/\/api.w.org\/{rel}","templated":true}]}}