{"id":13064,"date":"2025-04-08T09:29:11","date_gmt":"2025-04-08T07:29:11","guid":{"rendered":"https:\/\/www.aiguesmanresa.cat\/incorporamos-nuevos-vehiculos-electricos-gracias-al-icaen-y-fondos-europeos\/"},"modified":"2025-04-08T09:29:11","modified_gmt":"2025-04-08T07:29:11","slug":"incorporamos-nuevos-vehiculos-electricos-gracias-al-icaen-y-fondos-europeos","status":"publish","type":"post","link":"https:\/\/www.aiguesmanresa.cat\/es\/incorporamos-nuevos-vehiculos-electricos-gracias-al-icaen-y-fondos-europeos\/","title":{"rendered":"Incorporamos nuevos veh\u00edculos el\u00e9ctricos gracias al ICAEN y fondos europeos"},"content":{"rendered":"<p>[et_pb_section fb_built=\u00bb1&#8243; _builder_version=\u00bb4.27.4&#8243; _module_preset=\u00bbdefault\u00bb global_colors_info=\u00bb{}\u00bb][et_pb_row _builder_version=\u00bb4.27.4&#8243; _module_preset=\u00bbdefault\u00bb global_colors_info=\u00bb{}\u00bb][et_pb_column type=\u00bb4_4&#8243; _builder_version=\u00bb4.27.4&#8243; _module_preset=\u00bbdefault\u00bb global_colors_info=\u00bb{}\u00bb][et_pb_text _builder_version=\u00bb4.27.4&#8243; _module_preset=\u00bbdefault\u00bb global_colors_info=\u00bb{}\u00bb]<\/p>\n<p>Aig\u00fces de Manresa refuerza su compromiso con la sostenibilidad y la innovaci\u00f3n mediante la incorporaci\u00f3n de nuevos veh\u00edculos el\u00e9ctricos a su flota. Esta adquisici\u00f3n ha sido posible gracias al apoyo del Instituto Catal\u00e1n de Energ\u00eda (ICAEN) y la financiaci\u00f3n de fondos europeos a trav\u00e9s del programa MOVES III.<\/p>\n<p>Durante 2024, hemos adquirido cuatro veh\u00edculos el\u00e9ctricos, con el objetivo de reducir las emisiones de CO2 y promover una movilidad m\u00e1s respetuosa con el medio ambiente. Esta iniciativa se alinea con la estrategia de Aig\u00fces de Manresa de fomentar pr\u00e1cticas sostenibles en todas sus operaciones.<\/p>\n<p>El apoyo del ICAEN, a trav\u00e9s de subvenciones cofinanciadas por fondos europeos en el marco del programa MOVES III, ha sido fundamental para llevar a cabo esta actuaci\u00f3n. Estas ayudas forman parte de las l\u00edneas de incentivos destinadas a promover la eficiencia energ\u00e9tica y el uso de fuentes de energ\u00eda renovable en distintos sectores.<\/p>\n<p>[\/et_pb_text][\/et_pb_column][\/et_pb_row][et_pb_row _builder_version=\u00bb4.27.4&#8243; _module_preset=\u00bbdefault\u00bb column_structure=\u00bb1_2,1_2&#8243;][et_pb_column _builder_version=\u00bb4.27.4&#8243; _module_preset=\u00bbdefault\u00bb type=\u00bb1_2&#8243;][et_pb_image src=\u00bbhttps:\/\/www.aiguesmanresa.cat\/wp-content\/uploads\/2025\/04\/icaen_c2.png\u00bb _builder_version=\u00bb4.27.4&#8243; _module_preset=\u00bbdefault\u00bb title_text=\u00bbicaen_c2&#8243; hover_enabled=\u00bb0&#8243; sticky_enabled=\u00bb0&#8243;][\/et_pb_image][\/et_pb_column][et_pb_column _builder_version=\u00bb4.27.4&#8243; _module_preset=\u00bbdefault\u00bb type=\u00bb1_2&#8243;][et_pb_image src=\u00bbhttps:\/\/www.aiguesmanresa.cat\/wp-content\/uploads\/2025\/04\/CoFinancatUE_lateral.png\u00bb _builder_version=\u00bb4.27.4&#8243; _module_preset=\u00bbdefault\u00bb title_text=\u00bbCoFinancatUE_lateral\u00bb hover_enabled=\u00bb0&#8243; sticky_enabled=\u00bb0&#8243;][\/et_pb_image][\/et_pb_column][\/et_pb_row][\/et_pb_section]<\/p>\n","protected":false},"excerpt":{"rendered":"<p>Aig\u00fces de Manresa refuerza su compromiso con la sostenibilidad y la innovaci\u00f3n mediante la incorporaci\u00f3n de nuevos veh\u00edculos el\u00e9ctricos a su flota. Esta adquisici\u00f3n ha sido posible gracias al apoyo del Instituto Catal\u00e1n de Energ\u00eda (ICAEN) y la financiaci\u00f3n de fondos europeos a trav\u00e9s del programa MOVES III. Durante 2024, hemos adquirido cuatro veh\u00edculos el\u00e9ctricos, [&hellip;]<\/p>\n","protected":false},"author":12,"featured_media":13061,"comment_status":"closed","ping_status":"closed","sticky":false,"template":"","format":"standard","meta":{"_et_pb_use_builder":"on","_et_pb_old_content":"","_et_gb_content_width":"","footnotes":""},"categories":[129,61,41,42],"tags":[],"class_list":["post-13064","post","type-post","status-publish","format-standard","has-post-thumbnail","hentry","category-fondos-europeos","category-innovacion","category-empresa-es","category-sostenibilidad"],"_links":{"self":[{"href":"https:\/\/www.aiguesmanresa.cat\/es\/wp-json\/wp\/v2\/posts\/13064","targetHints":{"allow":["GET"]}}],"collection":[{"href":"https:\/\/www.aiguesmanresa.cat\/es\/wp-json\/wp\/v2\/posts"}],"about":[{"href":"https:\/\/www.aiguesmanresa.cat\/es\/wp-json\/wp\/v2\/types\/post"}],"author":[{"embeddable":true,"href":"https:\/\/www.aiguesmanresa.cat\/es\/wp-json\/wp\/v2\/users\/12"}],"replies":[{"embeddable":true,"href":"https:\/\/www.aiguesmanresa.cat\/es\/wp-json\/wp\/v2\/comments?post=13064"}],"version-history":[{"count":0,"href":"https:\/\/www.aiguesmanresa.cat\/es\/wp-json\/wp\/v2\/posts\/13064\/revisions"}],"wp:featuredmedia":[{"embeddable":true,"href":"https:\/\/www.aiguesmanresa.cat\/es\/wp-json\/wp\/v2\/media\/13061"}],"wp:attachment":[{"href":"https:\/\/www.aiguesmanresa.cat\/es\/wp-json\/wp\/v2\/media?parent=13064"}],"wp:term":[{"taxonomy":"category","embeddable":true,"href":"https:\/\/www.aiguesmanresa.cat\/es\/wp-json\/wp\/v2\/categories?post=13064"},{"taxonomy":"post_tag","embeddable":true,"href":"https:\/\/www.aiguesmanresa.cat\/es\/wp-json\/wp\/v2\/tags?post=13064"}],"curies":[{"name":"wp","href":"https:\/\/api.w.org\/{rel}","templated":true}]}}