{"id":13026,"date":"2025-04-01T14:44:58","date_gmt":"2025-04-01T12:44:58","guid":{"rendered":"https:\/\/www.aiguesmanresa.cat\/el-agua-del-grifo-materia-prima-de-la-restauracion\/"},"modified":"2025-04-01T14:44:58","modified_gmt":"2025-04-01T12:44:58","slug":"el-agua-del-grifo-materia-prima-de-la-restauracion","status":"publish","type":"post","link":"https:\/\/www.aiguesmanresa.cat\/es\/el-agua-del-grifo-materia-prima-de-la-restauracion\/","title":{"rendered":"El agua del grifo, materia prima de la restauraci\u00f3n"},"content":{"rendered":"<p>[et_pb_section fb_built=\u00bb1&#8243; theme_builder_area=\u00bbpost_content\u00bb _builder_version=\u00bb4.27.4&#8243; _module_preset=\u00bbdefault\u00bb][et_pb_row _builder_version=\u00bb4.27.4&#8243; _module_preset=\u00bbdefault\u00bb theme_builder_area=\u00bbpost_content\u00bb][et_pb_column _builder_version=\u00bb4.27.4&#8243; _module_preset=\u00bbdefault\u00bb type=\u00bb4_4&#8243; theme_builder_area=\u00bbpost_content\u00bb][et_pb_text _builder_version=\u00bb4.27.4&#8243; _module_preset=\u00bbdefault\u00bb theme_builder_area=\u00bbpost_content\u00bb hover_enabled=\u00bb0&#8243; sticky_enabled=\u00bb0&#8243;]<\/p>\n<p>La Fundaci\u00f3n Al\u00edcia ha sido la sede este lunes 31 de marzo del evento Cuinaigua, una iniciativa impulsada por el Ente de Abastecimiento de Agua Ter-Llobregat y la C\u00e1tedra ATL del agua potable que, en esta ocasi\u00f3n ha contado tambi\u00e9n con la colaboraci\u00f3n de Aig\u00fces de Manresa.<\/p>\n<p>M\u00e1s de 60 profesionales del sector del agua, incluyendo empresas suministradoras de toda Catalu\u00f1a, representantes de la administraci\u00f3n p\u00fablica y centros de investigaci\u00f3n, se han reunido para poner en valor el uso del agua del grifo como ingrediente clave en la gastronom\u00eda.<\/p>\n<p>La jornada ha comenzado con la bienvenida y presentaci\u00f3n del proyecto a cargo de David Vila, director del Ente de Abastecimiento de Agua Ter-Llobregat. A continuaci\u00f3n, se han presentado los proyectos de la C\u00e1tedra ATL del agua potable, que promueve actividades divulgativas y de investigaci\u00f3n para generar conocimiento preciso para afrontar los retos y las diferentes problem\u00e1ticas que plantea la captaci\u00f3n, tratamiento y distribuci\u00f3n del agua potable.<\/p>\n<p>Uno de los momentos m\u00e1s esperados de la jornada ha sido la intervenci\u00f3n de Toni Massan\u00e9s, director general de la Fundaci\u00f3n Al\u00edcia, y Marc Puig-Pey, jefe de cocina de la misma fundaci\u00f3n que han sorprendido a todos los asistentes con una muestra de creatividad culinaria, con recetas innovadoras que exploran las posibilidades gastron\u00f3micas del agua, como esferificaciones de agua, esferificaciones de agua.<br \/>A continuaci\u00f3n, los asistentes a la jornada han podido participar en el panel de cata de agua a ciegas organizado por la C\u00e1tedra, donde han probado 5 muestras de agua de or\u00edgenes diferentes: agua de la potabilizadora del Ter, agua de la potabilizadora del Llobregat, agua de la desalinizadora de una Llobregat y dos mostos ellas con unas propiedades y composici\u00f3n qu\u00edmica distintas.<\/p>\n<p>Para finalizar la jornada, Ivan Margalef, jefe de cocina del restaurante L&#8217;\u00d2* del M\u00f3n Sant Benet, ha realizado una sesi\u00f3n de showcooking, demostrando c\u00f3mo el agua puede ser la base para crear recetas con texturas sorprendentes e innovadoras.<\/p>\n<p>ATL, a trav\u00e9s del proyecto Cuinaigua, participa de las actividades para celebrar el reconocimiento de Catalu\u00f1a como Regi\u00f3n Mundial de la Gastronom\u00eda 2025, un reconocimiento impulsado por el Instituto Internacional de Gastronom\u00eda, Cultura, Artes y Turismo (IGCAT), que pone en valor la producci\u00f3n alimentaria y la cocina catalana.<\/p>\n<p>La Fundaci\u00f3 Al\u00edcia se dedica a la investigaci\u00f3n gastron\u00f3mica para mejorar la alimentaci\u00f3n de las personas, con especial atenci\u00f3n a aquellas con restricciones alimentarias y problemas de salud. Esta fundaci\u00f3n forma parte de Fundaci\u00f3 Catalunya La Pedrera y trabaja por un mundo sostenible, realzando el patrimonio alimentario y gastron\u00f3mico de los territorios.<\/p>\n<p>[\/et_pb_text][\/et_pb_column][\/et_pb_row][\/et_pb_section]<\/p>\n","protected":false},"excerpt":{"rendered":"<p>La Fundaci\u00f3n Al\u00edcia ha sido la sede este lunes 31 de marzo del evento Cuinaigua, una iniciativa impulsada por el Ente de Abastecimiento de Agua Ter-Llobregat y la C\u00e1tedra ATL del agua potable que, en esta ocasi\u00f3n ha contado tambi\u00e9n con la colaboraci\u00f3n de Aig\u00fces de Manresa. M\u00e1s de 60 profesionales del sector del agua, [&hellip;]<\/p>\n","protected":false},"author":4,"featured_media":13022,"comment_status":"closed","ping_status":"closed","sticky":false,"template":"","format":"standard","meta":{"_et_pb_use_builder":"on","_et_pb_old_content":"","_et_gb_content_width":"","footnotes":""},"categories":[41],"tags":[],"class_list":["post-13026","post","type-post","status-publish","format-standard","has-post-thumbnail","hentry","category-empresa-es"],"_links":{"self":[{"href":"https:\/\/www.aiguesmanresa.cat\/es\/wp-json\/wp\/v2\/posts\/13026","targetHints":{"allow":["GET"]}}],"collection":[{"href":"https:\/\/www.aiguesmanresa.cat\/es\/wp-json\/wp\/v2\/posts"}],"about":[{"href":"https:\/\/www.aiguesmanresa.cat\/es\/wp-json\/wp\/v2\/types\/post"}],"author":[{"embeddable":true,"href":"https:\/\/www.aiguesmanresa.cat\/es\/wp-json\/wp\/v2\/users\/4"}],"replies":[{"embeddable":true,"href":"https:\/\/www.aiguesmanresa.cat\/es\/wp-json\/wp\/v2\/comments?post=13026"}],"version-history":[{"count":0,"href":"https:\/\/www.aiguesmanresa.cat\/es\/wp-json\/wp\/v2\/posts\/13026\/revisions"}],"wp:featuredmedia":[{"embeddable":true,"href":"https:\/\/www.aiguesmanresa.cat\/es\/wp-json\/wp\/v2\/media\/13022"}],"wp:attachment":[{"href":"https:\/\/www.aiguesmanresa.cat\/es\/wp-json\/wp\/v2\/media?parent=13026"}],"wp:term":[{"taxonomy":"category","embeddable":true,"href":"https:\/\/www.aiguesmanresa.cat\/es\/wp-json\/wp\/v2\/categories?post=13026"},{"taxonomy":"post_tag","embeddable":true,"href":"https:\/\/www.aiguesmanresa.cat\/es\/wp-json\/wp\/v2\/tags?post=13026"}],"curies":[{"name":"wp","href":"https:\/\/api.w.org\/{rel}","templated":true}]}}