{"id":12227,"date":"2024-10-09T14:54:27","date_gmt":"2024-10-09T12:54:27","guid":{"rendered":"https:\/\/www.aiguesmanresa.cat\/el-ecoviure-calienta-motores-para-una-nueva-edicion-en-manresa\/"},"modified":"2024-10-09T14:54:28","modified_gmt":"2024-10-09T12:54:28","slug":"el-ecoviure-calienta-motores-para-una-nueva-edicion-en-manresa","status":"publish","type":"post","link":"https:\/\/www.aiguesmanresa.cat\/es\/el-ecoviure-calienta-motores-para-una-nueva-edicion-en-manresa\/","title":{"rendered":"El Ecoviure calienta motores para una nueva edici\u00f3n en Manresa"},"content":{"rendered":"<p>[et_pb_section fb_built=\u00bb1&#8243; theme_builder_area=\u00bbpost_content\u00bb _builder_version=\u00bb4.27.0&#8243; _module_preset=\u00bbdefault\u00bb][et_pb_row _builder_version=\u00bb4.27.0&#8243; _module_preset=\u00bbdefault\u00bb theme_builder_area=\u00bbpost_content\u00bb][et_pb_column _builder_version=\u00bb4.27.0&#8243; _module_preset=\u00bbdefault\u00bb type=\u00bb4_4&#8243; theme_builder_area=\u00bbpost_content\u00bb][et_pb_text _builder_version=\u00bb4.27.0&#8243; _module_preset=\u00bbdefault\u00bb theme_builder_area=\u00bbpost_content\u00bb hover_enabled=\u00bb0&#8243; sticky_enabled=\u00bb0&#8243;]<\/p>\n<p><strong>La feria-mercado del fin de semana del 19 y 20 de octubre es el eje central de la 25 edici\u00f3n del Ecoviure, que ir\u00e1 acompa\u00f1ada de un extenso programa de actividades y siete jornadas profesionales<\/strong><\/p>\n<p>Ecoviure, la feria de la ecolog\u00eda y el medio ambiente, se prepara para celebrar su 25 edici\u00f3n con m\u00faltiples actividades que acompa\u00f1ar\u00e1n a un mercado ecol\u00f3gico y varias jornadas profesionales del 14 al 22 de octubre en Manresa. Todos los detalles de esta edici\u00f3n han sido presentados hoy en el Ayuntamiento de Manresa, por el concejal de Acci\u00f3n Clim\u00e1tica, Pol Huguet Estrada, y por representantes de la comisi\u00f3n organizadora y de las jornadas profesionales.<\/p>\n<p><strong>Jornadas profesionales<\/strong><\/p>\n<p>JORNADA DEL AGUA<\/p>\n<p>16 de octubre: 4\u00aa Jornada T\u00e9cnica del Agua &#8211; Resiliencia de las infraestructuras del ciclo integral del agua al cambio clim\u00e1tico &#8211; Palau Firal de Manresa<\/p>\n<p>La Jornada T\u00e9cnica del Agua de este a\u00f1o, que llega a su 4\u00aa edici\u00f3n, se centrar\u00e1 en un tema clave para nuestro futuro: la resiliencia de las infraestructuras del ciclo integral del agua frente al cambio clim\u00e1tico. Este evento tiene como objetivo explorar y compartir ideas y propuestas que nos ayuden a prepararnos y adaptarnos a los retos que este fen\u00f3meno global nos plantea, especialmente en lo que se refiere a la gesti\u00f3n de un recurso tan fundamental como es el agua .<\/p>\n<p>La Jornada est\u00e1 estructurada en cuatro partes donde se presentar\u00e1n proyectos, estudios y casos de \u00e9xito sobre resiliencia de las infraestructuras, mitigaci\u00f3n de los efectos del cambio clim\u00e1tico, el lago de la aguja como caso de estudio y cerrar\u00e1 la jornada la directora del servicio meteorol\u00f3gico de Catalu\u00f1a, Sarai Sarroca, para profundizar en c\u00f3mo el cambio clim\u00e1tico afecta directamente al agua como recurso vital.<\/p>\n<p>JORNADA DE EDUCACI\u00d3N<\/p>\n<p>14 de octubre:\u00a0Taller futuros (im)posibles\u00a0\u2013 Casa de la Culla<\/p>\n<p>JORNADAS DE AGRICULTURA<\/p>\n<p>17 de octubre:\u00a0Silvopasto prescrito: un ejemplo sostenible de gesti\u00f3n del territorio\u00a0\u00a0&#8211; Sala de Actos de la FUB-2<\/p>\n<p>18 de octubre:\u00a0Plantas bioindicadoras, cambio clim\u00e1tico y regeneraci\u00f3n de suelos agr\u00edcolas\u00a0&#8211; Escuela Agraria de Manresa<\/p>\n<p>22 de octubre:\u00a0Estrategias y maquinaria para adaptar la huerta a la nueva realidad clim\u00e1tica\u00a0&#8211; Escuela Agraria de Manresa<\/p>\n<p>22 de octubre:\u00a0Experiencias en horticultura para adaptarse al cambio clim\u00e1tico. Agricultura del suelo vivo\u00a0&#8211; Escuela Agraria de Manresa<\/p>\n<p>JORNADA DE LA ENERG\u00cdA<\/p>\n<p>18 de octubre:\u00a0Foro Energ\u00eda \u2013 Rehabilitaci\u00f3n Energ\u00e9tica de Edificios\u00a0\u00a0&#8211; Palacio Ferial de Manresa<\/p>\n<p><strong>Actividades para todos los p\u00fablicos<\/strong><\/p>\n<p>Como ya es habitual, el Ecoviure viene acompa\u00f1ado de un programa lleno de actividades que se extender\u00e1 m\u00e1s all\u00e1 de la semana de la feria en varios espacios de la ciudad.Destacan dos conferencias, una sobre los l\u00edmites planetarios y la energ\u00eda de la mano del doctor Antonio Turiel, y una segunda sobre l\u00edmites planetarios y micropl\u00e1sticos a cargo de la ec\u00f3loga Meritxell Abril. Tambi\u00e9n, el domingo de la feria-mercado, destaca el espect\u00e1culo familiar Memoria de Agua, a cargo de la compa\u00f1\u00eda Albert Vinyes.<\/p>\n<p>Una exposici\u00f3n divulgativa en el interior de los cines Bages Centre formar\u00e1 parte de la colaboraci\u00f3n con el Festival Internacional de Cine Social \u2013 CLAM, que este a\u00f1o proyectar\u00e1 cuatro pel\u00edculas de car\u00e1cter ambiental.<\/p>\n<p>Para celebrar el 25 aniversario de la feria, se realizar\u00e1 una mesa redonda sobre el pasado, presente y futuro, con la presencia de sus responsables pasados, presentes y futuros, en colaboraci\u00f3n con el proyecto EcoCiutat de diversos institutos de la comarca, as\u00ed como otras actividades.<\/p>\n<p>Toda la informaci\u00f3n actualizada se encuentra en <a href=\"http:\/\/www.ecoviure.cat\/\">www.ecoviure.cat<\/a>.<\/p>\n<p>La feria Ecoviure est\u00e1 organizada por el Ayuntamiento de Manresa, la Fundaci\u00f3n Turismo y Ferias de Manresa y una comisi\u00f3n formada por entidades, administraciones, empresas, profesionales y consumidores de los distintos sectores implicados.<\/p>\n<p>[\/et_pb_text][\/et_pb_column][\/et_pb_row][\/et_pb_section]<\/p>\n","protected":false},"excerpt":{"rendered":"<p>La feria-mercado del fin de semana del 19 y 20 de octubre es el eje central de la 25 edici\u00f3n del Ecoviure, que ir\u00e1 acompa\u00f1ada de un extenso programa de actividades y siete jornadas profesionales Ecoviure, la feria de la ecolog\u00eda y el medio ambiente, se prepara para celebrar su 25 edici\u00f3n con m\u00faltiples actividades [&hellip;]<\/p>\n","protected":false},"author":4,"featured_media":12222,"comment_status":"closed","ping_status":"closed","sticky":false,"template":"","format":"standard","meta":{"_et_pb_use_builder":"on","_et_pb_old_content":"","_et_gb_content_width":"","footnotes":""},"categories":[64,41,42],"tags":[],"class_list":["post-12227","post","type-post","status-publish","format-standard","has-post-thumbnail","hentry","category-responsabilidad-social-corporativa","category-empresa-es","category-sostenibilidad"],"_links":{"self":[{"href":"https:\/\/www.aiguesmanresa.cat\/es\/wp-json\/wp\/v2\/posts\/12227","targetHints":{"allow":["GET"]}}],"collection":[{"href":"https:\/\/www.aiguesmanresa.cat\/es\/wp-json\/wp\/v2\/posts"}],"about":[{"href":"https:\/\/www.aiguesmanresa.cat\/es\/wp-json\/wp\/v2\/types\/post"}],"author":[{"embeddable":true,"href":"https:\/\/www.aiguesmanresa.cat\/es\/wp-json\/wp\/v2\/users\/4"}],"replies":[{"embeddable":true,"href":"https:\/\/www.aiguesmanresa.cat\/es\/wp-json\/wp\/v2\/comments?post=12227"}],"version-history":[{"count":0,"href":"https:\/\/www.aiguesmanresa.cat\/es\/wp-json\/wp\/v2\/posts\/12227\/revisions"}],"wp:featuredmedia":[{"embeddable":true,"href":"https:\/\/www.aiguesmanresa.cat\/es\/wp-json\/wp\/v2\/media\/12222"}],"wp:attachment":[{"href":"https:\/\/www.aiguesmanresa.cat\/es\/wp-json\/wp\/v2\/media?parent=12227"}],"wp:term":[{"taxonomy":"category","embeddable":true,"href":"https:\/\/www.aiguesmanresa.cat\/es\/wp-json\/wp\/v2\/categories?post=12227"},{"taxonomy":"post_tag","embeddable":true,"href":"https:\/\/www.aiguesmanresa.cat\/es\/wp-json\/wp\/v2\/tags?post=12227"}],"curies":[{"name":"wp","href":"https:\/\/api.w.org\/{rel}","templated":true}]}}