{"id":11885,"date":"2024-07-22T09:36:39","date_gmt":"2024-07-22T07:36:39","guid":{"rendered":"https:\/\/www.aiguesmanresa.cat\/ya-tenemos-fecha-para-la-4a-jornada-tecnica-del-agua\/"},"modified":"2024-10-09T13:59:31","modified_gmt":"2024-10-09T11:59:31","slug":"ya-tenemos-fecha-para-la-4a-jornada-tecnica-del-agua","status":"publish","type":"post","link":"https:\/\/www.aiguesmanresa.cat\/es\/ya-tenemos-fecha-para-la-4a-jornada-tecnica-del-agua\/","title":{"rendered":"Ya tenemos fecha para la 4a Jornada T\u00e9cnica del Agua"},"content":{"rendered":"<p>[et_pb_section fb_built=\u00bb1&#8243; _builder_version=\u00bb4.25.2&#8243; _module_preset=\u00bbdefault\u00bb global_colors_info=\u00bb{}\u00bb][et_pb_row _builder_version=\u00bb4.25.2&#8243; _module_preset=\u00bbdefault\u00bb global_colors_info=\u00bb{}\u00bb][et_pb_column type=\u00bb4_4&#8243; _builder_version=\u00bb4.25.2&#8243; _module_preset=\u00bbdefault\u00bb global_colors_info=\u00bb{}\u00bb][et_pb_text _builder_version=\u00bb4.25.2&#8243; _module_preset=\u00bbdefault\u00bb custom_margin=\u00bb||24px|||\u00bb global_colors_info=\u00bb{}\u00bb]<\/p>\n<p>El 16 de octubre de 2024 llega la 4\u00aa edici\u00f3n de la Jornada T\u00e9cnica del Agua, organizada por Aig\u00fces Manresa en el marco de la Feria Ecoviure.<\/p>\n<p>Este a\u00f1o contar\u00e1 con un programa que busca mostrar ideas y propuestas sobre la resiliencia de las infraestructuras del ciclo integral del agua en el cambio clim\u00e1tico.<\/p>\n<p>[\/et_pb_text][et_pb_toggle title=\u00bbConsulta el programa de la 4a edici\u00f3n\u00bb disabled_on=\u00bboff|off|off\u00bb _builder_version=\u00bb4.25.2&#8243; _module_preset=\u00bbdefault\u00bb global_colors_info=\u00bb{}\u00bb]<\/p>\n<p>8.30h Registro y caf\u00e9 de bienvenida<\/p>\n<p>9h Inauguraci\u00f3n<\/p>\n<p>9.15h Mesa redonda de proyectos sobre <strong>Resiliencia<\/strong>, moderada por David G\u00fcell, director de explotaci\u00f3n de Aig\u00fces Manresa.<\/p>\n<ul>\n<li>Proyecto Ibathwater. Carme Bosch, jefe de la L\u00ednea de Suelos y Aguas Subterr\u00e1neas de Eurecat.<\/li>\n<li>Proyecto ASSET-WATER. Marc Teixid\u00f3, investigador en IDAEA-CSIC y profesor asociado en la UPC.<\/li>\n<li>Proyecto Life Baetulo. \u00c1ngel Villanueva, director de Cambio clim\u00e1tico y Resiliencia de Aquatec.<\/li>\n<\/ul>\n<p>10.15h <strong>El lago de la Agulla, un sistema \u00fanico de mejora de la calidad del agua.<\/strong> Study case presentado por Eva Corbella, jefe de tratamiento y calidad y control sanitario de Aig\u00fces Manresa y Pep Illa, director t\u00e9cnico de la empresa Phragmites.<\/p>\n<p>11h Pausa caf\u00e9 \/ Networking<\/p>\n<p>11.45h Mesa redonda de proyectos sobre <strong>Mitigaci\u00f3n<\/strong>, moderada por Miquel Rovira, director del \u00e1rea de sostenibilidad de Eurecat.<\/p>\n<ul>\n<li>Proyecto de sustituci\u00f3n de la Cogeneraci\u00f3n por un sistema GEOT y aerot\u00e9rmica en las Piscinas Municipales. Aleix Vallverd\u00fa, servicios energ\u00e9ticos Aig\u00fces Manresa.<\/li>\n<li>Bego\u00f1a Martinez, responsable de Investigaci\u00f3n y Desarrollo (I+D) del Consorcio Bes\u00f2s Tordera.<\/li>\n<li>Ricard Carreras, coordinador de la Comisi\u00f3n del Biog\u00e1s del Cl\u00faster de la Bioenergia de Catalu\u00f1a y responsable de transferencia del CT BETA<\/li>\n<\/ul>\n<p>12.45h <strong>Sarai Sarroca<\/strong>, directora del Servicio Meteorol\u00f3gico de Catalu\u00f1a, donde hablar\u00e1 de c\u00f3mo afecta al recurso h\u00eddrico el Cambio Clim\u00e1tico.<\/p>\n<p>13.15h Clausura<\/p>\n<p>[\/et_pb_toggle][et_pb_divider _builder_version=\u00bb4.27.0&#8243; _module_preset=\u00bbdefault\u00bb global_colors_info=\u00bb{}\u00bb min_height=\u00bb22.8px\u00bb][\/et_pb_divider][et_pb_text _builder_version=\u00bb4.27.0&#8243; _module_preset=\u00bbdefault\u00bb hover_enabled=\u00bb0&#8243; sticky_enabled=\u00bb0&#8243;]<\/p>\n<p>Las inscripciones ya estan cerradas, pero podeis seguir la jornada via streaming desde nuestro canal de Youtube: <a href=\"https:\/\/www.youtube.com\/@aiguesmanresa1982\" target=\"_blank\" rel=\"noopener\">https:\/\/www.youtube.com\/@aiguesmanresa1982<\/a><\/p>\n<p>[\/et_pb_text][\/et_pb_column][\/et_pb_row][\/et_pb_section]<\/p>\n","protected":false},"excerpt":{"rendered":"<p>El 16 de octubre de 2024 llega la 4\u00aa edici\u00f3n de la Jornada T\u00e9cnica del Agua, organizada por Aig\u00fces Manresa en el marco de la Feria Ecoviure. Este a\u00f1o contar\u00e1 con un programa que busca mostrar ideas y propuestas sobre la resiliencia de las infraestructuras del ciclo integral del agua en el cambio clim\u00e1tico.8.30h Registro [&hellip;]<\/p>\n","protected":false},"author":4,"featured_media":11867,"comment_status":"closed","ping_status":"closed","sticky":false,"template":"","format":"standard","meta":{"_et_pb_use_builder":"on","_et_pb_old_content":"","_et_gb_content_width":"","footnotes":""},"categories":[129,64,61,57,41,42],"tags":[],"class_list":["post-11885","post","type-post","status-publish","format-standard","has-post-thumbnail","hentry","category-fondos-europeos","category-responsabilidad-social-corporativa","category-innovacion","category-ayuntamientos-y-entidades","category-empresa-es","category-sostenibilidad"],"_links":{"self":[{"href":"https:\/\/www.aiguesmanresa.cat\/es\/wp-json\/wp\/v2\/posts\/11885","targetHints":{"allow":["GET"]}}],"collection":[{"href":"https:\/\/www.aiguesmanresa.cat\/es\/wp-json\/wp\/v2\/posts"}],"about":[{"href":"https:\/\/www.aiguesmanresa.cat\/es\/wp-json\/wp\/v2\/types\/post"}],"author":[{"embeddable":true,"href":"https:\/\/www.aiguesmanresa.cat\/es\/wp-json\/wp\/v2\/users\/4"}],"replies":[{"embeddable":true,"href":"https:\/\/www.aiguesmanresa.cat\/es\/wp-json\/wp\/v2\/comments?post=11885"}],"version-history":[{"count":0,"href":"https:\/\/www.aiguesmanresa.cat\/es\/wp-json\/wp\/v2\/posts\/11885\/revisions"}],"wp:featuredmedia":[{"embeddable":true,"href":"https:\/\/www.aiguesmanresa.cat\/es\/wp-json\/wp\/v2\/media\/11867"}],"wp:attachment":[{"href":"https:\/\/www.aiguesmanresa.cat\/es\/wp-json\/wp\/v2\/media?parent=11885"}],"wp:term":[{"taxonomy":"category","embeddable":true,"href":"https:\/\/www.aiguesmanresa.cat\/es\/wp-json\/wp\/v2\/categories?post=11885"},{"taxonomy":"post_tag","embeddable":true,"href":"https:\/\/www.aiguesmanresa.cat\/es\/wp-json\/wp\/v2\/tags?post=11885"}],"curies":[{"name":"wp","href":"https:\/\/api.w.org\/{rel}","templated":true}]}}