{"id":11134,"date":"2024-04-10T07:58:48","date_gmt":"2024-04-10T05:58:48","guid":{"rendered":"https:\/\/www.aiguesmanresa.cat\/aigues-de-manresa-recibe-una-mencion-en-los-premios-fundacio-lacetania\/"},"modified":"2024-04-10T07:58:49","modified_gmt":"2024-04-10T05:58:49","slug":"aigues-de-manresa-recibe-una-mencion-en-los-premios-fundacio-lacetania","status":"publish","type":"post","link":"https:\/\/www.aiguesmanresa.cat\/es\/aigues-de-manresa-recibe-una-mencion-en-los-premios-fundacio-lacetania\/","title":{"rendered":"Aig\u00fces de Manresa recibe una menci\u00f3n en los Premios Fundaci\u00f3 Lacet\u00e0nia"},"content":{"rendered":"<p>[et_pb_section fb_built=\u00bb1&#8243; theme_builder_area=\u00bbpost_content\u00bb _builder_version=\u00bb4.23.4&#8243; _module_preset=\u00bbdefault\u00bb][et_pb_row _builder_version=\u00bb4.23.4&#8243; _module_preset=\u00bbdefault\u00bb theme_builder_area=\u00bbpost_content\u00bb][et_pb_column _builder_version=\u00bb4.23.4&#8243; _module_preset=\u00bbdefault\u00bb type=\u00bb4_4&#8243; theme_builder_area=\u00bbpost_content\u00bb][et_pb_text _builder_version=\u00bb4.23.4&#8243; _module_preset=\u00bbdefault\u00bb theme_builder_area=\u00bbpost_content\u00bb hover_enabled=\u00bb0&#8243; sticky_enabled=\u00bb0&#8243;]<\/p>\n<p>Ayer, martes 9 de abril, se celebr\u00f3 el acto de entrega de los Premis Lacet\u00e0nia. Estos premios tienen como objetivo mejorar la calidad en la elaboraci\u00f3n de los Trabajos de Investigaci\u00f3n de Bachillerato y de los M\u00f3dulos de S\u00edntesis y Proyecto de los Ciclos Formativos de Formaci\u00f3n Profesional entre el alumnado de los Institutos adheridos a la Fundaci\u00f3n, por lo que reconocen los mejores de cada categor\u00eda.<\/p>\n<p>Tambi\u00e9n se hace menci\u00f3n especial a las empresas que han acogido a alumnos de pr\u00e1cticas de los institutos que forman parte de la Fundaci\u00f3n. El IES Quercus, de San Juan, nos otorg\u00f3 la menci\u00f3n a esta categor\u00eda.<\/p>\n<p>Estamos muy contentos de recibir ese reconocimiento.<\/p>\n<p>El premio fue recogido por Montse Pujol, jefa de Personas y Talento de Aguas Manresa.<\/p>\n<p>[\/et_pb_text][\/et_pb_column][\/et_pb_row][\/et_pb_section]<\/p>\n","protected":false},"excerpt":{"rendered":"<p>Ayer, martes 9 de abril, se celebr\u00f3 el acto de entrega de los Premis Lacet\u00e0nia. Estos premios tienen como objetivo mejorar la calidad en la elaboraci\u00f3n de los Trabajos de Investigaci\u00f3n de Bachillerato y de los M\u00f3dulos de S\u00edntesis y Proyecto de los Ciclos Formativos de Formaci\u00f3n Profesional entre el alumnado de los Institutos adheridos [&hellip;]<\/p>\n","protected":false},"author":4,"featured_media":11129,"comment_status":"closed","ping_status":"closed","sticky":false,"template":"","format":"standard","meta":{"_et_pb_use_builder":"on","_et_pb_old_content":"","_et_gb_content_width":"","footnotes":""},"categories":[63,41],"tags":[],"class_list":["post-11134","post","type-post","status-publish","format-standard","has-post-thumbnail","hentry","category-piscinas","category-empresa-es"],"_links":{"self":[{"href":"https:\/\/www.aiguesmanresa.cat\/es\/wp-json\/wp\/v2\/posts\/11134","targetHints":{"allow":["GET"]}}],"collection":[{"href":"https:\/\/www.aiguesmanresa.cat\/es\/wp-json\/wp\/v2\/posts"}],"about":[{"href":"https:\/\/www.aiguesmanresa.cat\/es\/wp-json\/wp\/v2\/types\/post"}],"author":[{"embeddable":true,"href":"https:\/\/www.aiguesmanresa.cat\/es\/wp-json\/wp\/v2\/users\/4"}],"replies":[{"embeddable":true,"href":"https:\/\/www.aiguesmanresa.cat\/es\/wp-json\/wp\/v2\/comments?post=11134"}],"version-history":[{"count":0,"href":"https:\/\/www.aiguesmanresa.cat\/es\/wp-json\/wp\/v2\/posts\/11134\/revisions"}],"wp:featuredmedia":[{"embeddable":true,"href":"https:\/\/www.aiguesmanresa.cat\/es\/wp-json\/wp\/v2\/media\/11129"}],"wp:attachment":[{"href":"https:\/\/www.aiguesmanresa.cat\/es\/wp-json\/wp\/v2\/media?parent=11134"}],"wp:term":[{"taxonomy":"category","embeddable":true,"href":"https:\/\/www.aiguesmanresa.cat\/es\/wp-json\/wp\/v2\/categories?post=11134"},{"taxonomy":"post_tag","embeddable":true,"href":"https:\/\/www.aiguesmanresa.cat\/es\/wp-json\/wp\/v2\/tags?post=11134"}],"curies":[{"name":"wp","href":"https:\/\/api.w.org\/{rel}","templated":true}]}}