{"id":11044,"date":"2024-03-30T16:30:15","date_gmt":"2024-03-30T15:30:15","guid":{"rendered":"https:\/\/www.aiguesmanresa.cat\/la-depuradora-de-manresa-inicia-la-produccion-de-agua-regenerada\/"},"modified":"2024-03-30T16:30:16","modified_gmt":"2024-03-30T15:30:16","slug":"la-depuradora-de-manresa-inicia-la-produccion-de-agua-regenerada","status":"publish","type":"post","link":"https:\/\/www.aiguesmanresa.cat\/es\/la-depuradora-de-manresa-inicia-la-produccion-de-agua-regenerada\/","title":{"rendered":"La depuradora de Manresa inicia la producci\u00f3n de agua regenerada"},"content":{"rendered":"<p>[et_pb_section fb_built=\u00bb1&#8243; theme_builder_area=\u00bbpost_content\u00bb _builder_version=\u00bb4.23.4&#8243; _module_preset=\u00bbdefault\u00bb][et_pb_row _builder_version=\u00bb4.23.4&#8243; _module_preset=\u00bbdefault\u00bb theme_builder_area=\u00bbpost_content\u00bb][et_pb_column _builder_version=\u00bb4.23.4&#8243; _module_preset=\u00bbdefault\u00bb type=\u00bb4_4&#8243; theme_builder_area=\u00bbpost_content\u00bb][et_pb_text _builder_version=\u00bb4.23.4&#8243; _module_preset=\u00bbdefault\u00bb theme_builder_area=\u00bbpost_content\u00bb hover_enabled=\u00bb0&#8243; sticky_enabled=\u00bb0&#8243;]<\/p>\n<p id=\"tw-target-text\" class=\"tw-data-text tw-text-large tw-ta\" dir=\"ltr\" data-placeholder=\"Traducci\u00f3\" aria-label=\"Text tradu\u00eft\" data-ved=\"2ahUKEwismvyKppyFAxX0VaQEHSmdBAIQ3ewLegQIBRAU\"><strong><span class=\"Y2IQFc\" lang=\"es\">La Mancomunidad de Municipios del Bages para el Saneamiento, ha puesto en disposici\u00f3n de los Ayuntamientos que forman parte, agua regenerada para limpieza viaria y riego de zonas verdes<\/span><\/strong><\/p>\n<p>La entrada en estado de excepcionalidad por sequ\u00eda de un<br \/>n\u00famero elevado de municipios de Catalu\u00f1a, hizo que Aig\u00fces de Manresa, como medio propio de la Mancomunidad de Municipios del Bages para el Saneamiento, activara un sistema de regeneraci\u00f3n de agua que hasta ahora no ten\u00eda. El agua regenerada que se producir\u00e1 en la EDAR de Manresa est\u00e1 a disposici\u00f3n de los ayuntamientos que forman parte de la Mancomunidad para llevar a cabo la limpieza viaria, de sumideros, y el riego de zonas verdes urbanas. Este agua se cargar\u00e1 en camiones cisterna a trav\u00e9s de un hidrante destinado a esta funci\u00f3n en la EDAR. Hay que tener en cuenta que no es agua potable, y que debe explicarse su origen cuando se utilice. La concesi\u00f3n de la ACA, con informe favorable de salud p\u00fablica, es temporal, por dos a\u00f1os, y est\u00e1 ligada a una serie de controles y seguimientos para garantizar el uso de este agua.<\/p>\n<p>El agua regenerada es agua residual depurada que recibe un tratamiento adicional. Esa agua no es potable, pero es apta para usos municipales y ambientales. El agua tratada en la EDAR pasa por diferentes procesos que permiten devolverla al medio en las condiciones adecuadas. Para el agua regenerada, se utiliza una parte de esta agua, y se le realiza un tratamiento adicional, en este caso, se pasa por filtros de arena, luz ultravioleta y se a\u00f1ade hipoclorito.<\/p>\n<p>La Mancomunidad de Municipios del Bages para el Saneamiento es una asociaci\u00f3n de 20 municipios del Bages y 2 del Moian\u00e8s que tiene por objetivo la gesti\u00f3n y explotaci\u00f3n de los sistemas p\u00fablicos de saneamiento de aguas residuales, sistemas de abastecimiento de agua en alta y de suministro de agua en baja, as\u00ed como la reutilizaci\u00f3n de las aguas regeneradas y el retorno al agua del medio, actividades que constituyen la gesti\u00f3n integrada del agua en su \u00e1mbito territorial, para lo que la Mancomunidad tiene plena capacidad .<\/p>\n<p>[\/et_pb_text][\/et_pb_column][\/et_pb_row][\/et_pb_section]<\/p>\n","protected":false},"excerpt":{"rendered":"<p>La Mancomunidad de Municipios del Bages para el Saneamiento, ha puesto en disposici\u00f3n de los Ayuntamientos que forman parte, agua regenerada para limpieza viaria y riego de zonas verdes La entrada en estado de excepcionalidad por sequ\u00eda de unn\u00famero elevado de municipios de Catalu\u00f1a, hizo que Aig\u00fces de Manresa, como medio propio de la Mancomunidad [&hellip;]<\/p>\n","protected":false},"author":4,"featured_media":7431,"comment_status":"closed","ping_status":"closed","sticky":false,"template":"","format":"standard","meta":{"_et_pb_use_builder":"on","_et_pb_old_content":"","_et_gb_content_width":"","footnotes":""},"categories":[65,41,42],"tags":[],"class_list":["post-11044","post","type-post","status-publish","format-standard","has-post-thumbnail","hentry","category-sequia","category-empresa-es","category-sostenibilidad"],"_links":{"self":[{"href":"https:\/\/www.aiguesmanresa.cat\/es\/wp-json\/wp\/v2\/posts\/11044","targetHints":{"allow":["GET"]}}],"collection":[{"href":"https:\/\/www.aiguesmanresa.cat\/es\/wp-json\/wp\/v2\/posts"}],"about":[{"href":"https:\/\/www.aiguesmanresa.cat\/es\/wp-json\/wp\/v2\/types\/post"}],"author":[{"embeddable":true,"href":"https:\/\/www.aiguesmanresa.cat\/es\/wp-json\/wp\/v2\/users\/4"}],"replies":[{"embeddable":true,"href":"https:\/\/www.aiguesmanresa.cat\/es\/wp-json\/wp\/v2\/comments?post=11044"}],"version-history":[{"count":0,"href":"https:\/\/www.aiguesmanresa.cat\/es\/wp-json\/wp\/v2\/posts\/11044\/revisions"}],"wp:featuredmedia":[{"embeddable":true,"href":"https:\/\/www.aiguesmanresa.cat\/es\/wp-json\/wp\/v2\/media\/7431"}],"wp:attachment":[{"href":"https:\/\/www.aiguesmanresa.cat\/es\/wp-json\/wp\/v2\/media?parent=11044"}],"wp:term":[{"taxonomy":"category","embeddable":true,"href":"https:\/\/www.aiguesmanresa.cat\/es\/wp-json\/wp\/v2\/categories?post=11044"},{"taxonomy":"post_tag","embeddable":true,"href":"https:\/\/www.aiguesmanresa.cat\/es\/wp-json\/wp\/v2\/tags?post=11044"}],"curies":[{"name":"wp","href":"https:\/\/api.w.org\/{rel}","templated":true}]}}