{"id":10621,"date":"2024-01-16T11:20:27","date_gmt":"2024-01-16T10:20:27","guid":{"rendered":"https:\/\/www.aiguesmanresa.cat\/antoni-ventura-gerente-de-aigues-de-manresa-es-el-nuevo-vicepresidente-de-la-fundacio-aigues-de-manresa-junta-de-la-sequia\/"},"modified":"2024-01-16T11:20:27","modified_gmt":"2024-01-16T10:20:27","slug":"antoni-ventura-gerente-de-aigues-de-manresa-es-el-nuevo-vicepresidente-de-la-fundacio-aigues-de-manresa-junta-de-la-sequia","status":"publish","type":"post","link":"https:\/\/www.aiguesmanresa.cat\/es\/antoni-ventura-gerente-de-aigues-de-manresa-es-el-nuevo-vicepresidente-de-la-fundacio-aigues-de-manresa-junta-de-la-sequia\/","title":{"rendered":"Antoni Ventura, gerente de Aig\u00fces de Manresa, es el nuevo vicepresidente de la Fundaci\u00f3 Aig\u00fces de Manresa \u2013 Junta de la S\u00e9quia"},"content":{"rendered":"<p>[et_pb_section fb_built=\u00bb1&#8243; theme_builder_area=\u00bbpost_content\u00bb _builder_version=\u00bb4.23.1&#8243; _module_preset=\u00bbdefault\u00bb][et_pb_row _builder_version=\u00bb4.23.1&#8243; _module_preset=\u00bbdefault\u00bb theme_builder_area=\u00bbpost_content\u00bb][et_pb_column _builder_version=\u00bb4.23.1&#8243; _module_preset=\u00bbdefault\u00bb type=\u00bb4_4&#8243; theme_builder_area=\u00bbpost_content\u00bb][et_pb_text _builder_version=\u00bb4.23.1&#8243; _module_preset=\u00bbdefault\u00bb theme_builder_area=\u00bbpost_content\u00bb hover_enabled=\u00bb0&#8243; sticky_enabled=\u00bb0&#8243;]<\/p>\n<p><strong>Hasta ahora ostentaba su cargo Josep Alabern, pero su traspaso el pasado 4 de enero ha obligado a celebrar un patronato extraordinario para escoger al nuevo vicepresidente<\/strong><\/p>\n<p id=\"tw-target-text\" class=\"tw-data-text tw-text-large tw-ta\" dir=\"ltr\" data-placeholder=\"Traducci\u00f3\" data-ved=\"2ahUKEwiq8fCb1uGDAxVWYPEDHdwDAd8Q3ewLegQICBAQ\"><span class=\"Y2IQFc\" lang=\"es\">Ayer d\u00eda 15 de enero se celebr\u00f3 un patronato extraordinario de la Fundaci\u00f3 Aig\u00fces de Manresa &#8211; Junta de la S\u00e9quia, para escoger a un nuevo vicepresidente. El patronato valor\u00f3 la elecci\u00f3n de Antoni Ventura i Ribal, gerente de Aig\u00fces de Manresa, como el m\u00e1s adecuado, gracias a su formaci\u00f3n y conocimientos de la fundaci\u00f3n.<\/span><\/p>\n<p id=\"tw-target-text\" class=\"tw-data-text tw-text-large tw-ta\" dir=\"ltr\" data-placeholder=\"Traducci\u00f3\" data-ved=\"2ahUKEwiq8fCb1uGDAxVWYPEDHdwDAd8Q3ewLegQICBAQ\"><span class=\"Y2IQFc\" lang=\"es\">Antoni Ventura i Ribal (Barcelona, \u200b\u200b1961) es Licenciado en Ciencias Econ\u00f3micas, en Derecho y en Historia Contempor\u00e1nea. Ha realizado cursos de postgrado en Prospectiva y Estrategia Industrial, en Desarrollo Local y Regional, y en Gesti\u00f3n Privada de Infraestructuras. Cuenta con una dilatada experiencia en el sector del agua y durante los \u00faltimos a\u00f1os ha estado trabajando para modernizar y digitalizar la empresa Aig\u00fces de Manresa, de la que es gerente desde julio de 2018.<\/span><\/p>\n<p id=\"tw-target-text\" class=\"tw-data-text tw-text-large tw-ta\" dir=\"ltr\" data-placeholder=\"Traducci\u00f3\" data-ved=\"2ahUKEwiq8fCb1uGDAxVWYPEDHdwDAd8Q3ewLegQICBAQ\"><span class=\"Y2IQFc\" lang=\"es\">El patronato de la fundaci\u00f3n est\u00e1 formado por 24 miembros y el alcalde de Manresa ejerce su presidencia. De los representantes 4 son designados por el Ayuntamiento de Manresa, 5 por Aig\u00fces de Manresa, 5 por la Junta de la Acequia, 1 representante por cada uno de los ayuntamientos por donde transcurre la Acequia (Balsareny, Sallent, Santpedor y Sant Fruit\u00f3s de Bages), 3 miembros designados por el gremio de cintaires, 1 miembro de la c\u00e1mara de comercio, 1 miembro del colegio de ingenieros industriales y 1 miembro designado por el Museo Nacional de la Ciencia y la T\u00e9cnica de Catalunya.<\/span><\/p>\n<p id=\"tw-target-text\" class=\"tw-data-text tw-text-large tw-ta\" dir=\"ltr\" data-placeholder=\"Traducci\u00f3\" data-ved=\"2ahUKEwiq8fCb1uGDAxVWYPEDHdwDAd8Q3ewLegQICBAQ\"><span class=\"Y2IQFc\" lang=\"es\">La fundaci\u00f3n gestiona diversos espacios y equipamientos vinculados al agua y la Acequia como son el Museo del Agua y el Textil, el Centro del Agua de Can Font, la Infos\u00e9quia y la Casa de la Culla. Tambi\u00e9n se encarga de dinamizar cultural y tur\u00edsticamente el canal medieval, de realizar visitas educativas a escuelas e institutos sobre el ciclo del agua en espacios gestionados por Aig\u00fces de Manresa como la potabilizadora y la depuradora, y en los \u00faltimos a\u00f1os desde 2014 se ha encargado de organizar la Trans\u00e9quia.<\/span><\/p>\n<p>[\/et_pb_text][\/et_pb_column][\/et_pb_row][\/et_pb_section]<\/p>\n","protected":false},"excerpt":{"rendered":"<p>Hasta ahora ostentaba su cargo Josep Alabern, pero su traspaso el pasado 4 de enero ha obligado a celebrar un patronato extraordinario para escoger al nuevo vicepresidente Ayer d\u00eda 15 de enero se celebr\u00f3 un patronato extraordinario de la Fundaci\u00f3 Aig\u00fces de Manresa &#8211; Junta de la S\u00e9quia, para escoger a un nuevo vicepresidente. El [&hellip;]<\/p>\n","protected":false},"author":4,"featured_media":10618,"comment_status":"closed","ping_status":"closed","sticky":false,"template":"","format":"standard","meta":{"_et_pb_use_builder":"on","_et_pb_old_content":"","_et_gb_content_width":"","footnotes":""},"categories":[64],"tags":[],"class_list":["post-10621","post","type-post","status-publish","format-standard","has-post-thumbnail","hentry","category-responsabilidad-social-corporativa"],"_links":{"self":[{"href":"https:\/\/www.aiguesmanresa.cat\/es\/wp-json\/wp\/v2\/posts\/10621","targetHints":{"allow":["GET"]}}],"collection":[{"href":"https:\/\/www.aiguesmanresa.cat\/es\/wp-json\/wp\/v2\/posts"}],"about":[{"href":"https:\/\/www.aiguesmanresa.cat\/es\/wp-json\/wp\/v2\/types\/post"}],"author":[{"embeddable":true,"href":"https:\/\/www.aiguesmanresa.cat\/es\/wp-json\/wp\/v2\/users\/4"}],"replies":[{"embeddable":true,"href":"https:\/\/www.aiguesmanresa.cat\/es\/wp-json\/wp\/v2\/comments?post=10621"}],"version-history":[{"count":0,"href":"https:\/\/www.aiguesmanresa.cat\/es\/wp-json\/wp\/v2\/posts\/10621\/revisions"}],"wp:featuredmedia":[{"embeddable":true,"href":"https:\/\/www.aiguesmanresa.cat\/es\/wp-json\/wp\/v2\/media\/10618"}],"wp:attachment":[{"href":"https:\/\/www.aiguesmanresa.cat\/es\/wp-json\/wp\/v2\/media?parent=10621"}],"wp:term":[{"taxonomy":"category","embeddable":true,"href":"https:\/\/www.aiguesmanresa.cat\/es\/wp-json\/wp\/v2\/categories?post=10621"},{"taxonomy":"post_tag","embeddable":true,"href":"https:\/\/www.aiguesmanresa.cat\/es\/wp-json\/wp\/v2\/tags?post=10621"}],"curies":[{"name":"wp","href":"https:\/\/api.w.org\/{rel}","templated":true}]}}