{"id":10179,"date":"2023-10-25T12:08:38","date_gmt":"2023-10-25T10:08:38","guid":{"rendered":"https:\/\/www.aiguesmanresa.cat\/la-3a-jornada-tecnica-del-agua-explora-alternativas-para-mejorar-la-disponibilidad-de-agua-en-cataluna\/"},"modified":"2024-05-10T09:32:56","modified_gmt":"2024-05-10T07:32:56","slug":"la-3a-jornada-tecnica-del-agua-explora-alternativas-para-mejorar-la-disponibilidad-de-agua-en-cataluna","status":"publish","type":"post","link":"https:\/\/www.aiguesmanresa.cat\/es\/la-3a-jornada-tecnica-del-agua-explora-alternativas-para-mejorar-la-disponibilidad-de-agua-en-cataluna\/","title":{"rendered":"La 3a Jornada T\u00e9cnica del agua explora alternativas para mejorar la disponibilidad de agua en Catalu\u00f1a"},"content":{"rendered":"<p>[et_pb_section fb_built=\u00bb1&#8243; _builder_version=\u00bb4.21.2&#8243; _module_preset=\u00bbdefault\u00bb global_colors_info=\u00bb{}\u00bb][et_pb_row _builder_version=\u00bb4.21.2&#8243; _module_preset=\u00bbdefault\u00bb global_colors_info=\u00bb{}\u00bb][et_pb_column type=\u00bb4_4&#8243; _builder_version=\u00bb4.21.2&#8243; _module_preset=\u00bbdefault\u00bb global_colors_info=\u00bb{}\u00bb][et_pb_text _builder_version=\u00bb4.21.2&#8243; _module_preset=\u00bbdefault\u00bb global_colors_info=\u00bb{}\u00bb]<\/p>\n<div id=\"KnM9nf\">\n<div id=\"tw-smenu\" class=\"tw-menu\"><strong><span class=\"Y2IQFc\" lang=\"es\">\u00c9xito de asistencia en la 3a Jornada T\u00e9cnica del Agua<\/span><\/strong><\/div>\n<div><strong>Las ponencias dieron voz a operadores y gestores del ciclo integral del agua, centros de investigaci\u00f3n, ayuntamientos y reguladores<\/strong><\/div>\n<div>\u00a0<\/div>\n<div>La 3a Jornada T\u00e9cnica del Agua, celebrada en el palacio ferial de Manresa, ayer, 19 de octubre, fue un \u00e9xito. M\u00e1s de 120 personas se reunieron para o\u00edr las propuestas y contraponer los diferentes puntos de vista que hac\u00edan agentes del sector del agua en torno a la pregunta \u00ab\u00bfC\u00f3mo podemos mejorar la disponibilidad del agua en Catalu\u00f1a?\u00bb.<\/div>\n<div>\u00a0<\/div>\n<\/div>\n<div>La jornada se inici\u00f3 con una <strong>mesa redonda<\/strong> moderada por Xavier Amores, director del Catalan Water Partnership. En este primer bloque se buscaba mostrar y explorar desde diferentes puntos de vista con Xavier Martinez, director de la unidad de agua, aire y suelos de EURECAT, Irene Corbella, jefe del Servicio de Salud Ambiental, N\u00faria Saperas, jefe del servicio de transici\u00f3n ecol\u00f3gica del Ayuntamiento de Sabadell y David G\u00fcell, director de explotaci\u00f3n de Aig\u00fces Manresa, <strong>C\u00f3mo mejorar la disponibilidad de agua en Catalu\u00f1a<\/strong>. El encuentro aport\u00f3 ideas y reflexiones muy interesantes como la importancia de <strong>preservar la calidad de las masas de agu<\/strong>a, y reducir su contaminaci\u00f3n desde su origen, su <strong>reutilizaci\u00f3<\/strong>n como clave para incrementar la disponibilidad, y su margen de crecimiento, sobre todo en el sector industrial. Tambi\u00e9n se destac\u00f3 que es necesario <strong>flexibilizar la normativa<\/strong> e incidir en la <strong>reducci\u00f3n de fugas<\/strong>.<\/div>\n<div>\u00a0<\/div>\n<div>Tras una pausa, sigui\u00f3 con el segundo bloque de proyectos, cuyas presentaciones se pueden encontrar en la parte inferior de la noticia.<\/div>\n<div>\u00a0<\/div>\n<div>Y en el tercer y \u00faltimo bloque el director de la Agencia Catalana del Agua, present\u00f3 las Estrategias transversales por un ciclo urbano del agua eficiente y resiliente. Una charla en la que entraba en detalle al describir estrategias para un ciclo urbano del agua eficiente y resiliente, y destacaba las medidas que se est\u00e1n tomando siguiendo el plan de emergencia por sequ\u00eda. Explic\u00f3 que es clave e imprescindible la implicaci\u00f3n del mundo local en la gesti\u00f3n transversal del ciclo integral del agua.<\/div>\n<div>\u00a0<\/div>\n<div>La delegada del gobierno en la Catalu\u00f1a Central, Montserrat Barniol, y el gerente de Aig\u00fces de Manresa, Antoni Ventura y Ribal, pusieron el punto y final a la Jornada.<\/div>\n<div>\u00a0<\/div>\n<div>\u00a0<\/div>\n<p>[\/et_pb_text][\/et_pb_column][\/et_pb_row][et_pb_row column_structure=\u00bb3_5,2_5&#8243; _builder_version=\u00bb4.21.2&#8243; _module_preset=\u00bbdefault\u00bb global_colors_info=\u00bb{}\u00bb][et_pb_column type=\u00bb3_5&#8243; _builder_version=\u00bb4.21.2&#8243; _module_preset=\u00bbdefault\u00bb global_colors_info=\u00bb{}\u00bb][et_pb_text _builder_version=\u00bb4.21.2&#8243; _module_preset=\u00bbdefault\u00bb global_colors_info=\u00bb{}\u00bb]<\/p>\n<p>La jornada pudo seguirse en v\u00eddeo en directo, y se puede recuperar desde el bot\u00f3n de aqu\u00ed a la derecha.<\/p>\n<p>[\/et_pb_text][\/et_pb_column][et_pb_column type=\u00bb2_5&#8243; _builder_version=\u00bb4.21.2&#8243; _module_preset=\u00bbdefault\u00bb global_colors_info=\u00bb{}\u00bb][et_pb_button button_url=\u00bbhttps:\/\/www.youtube.com\/watch?v=QPKoXTklVhE\u00bb url_new_window=\u00bbon\u00bb button_text=\u00bb3a Jornada T\u00e8cnica de l&apos;Aigua\u00bb _builder_version=\u00bb4.21.2&#8243; _module_preset=\u00bbdefault\u00bb global_colors_info=\u00bb{}\u00bb][\/et_pb_button][\/et_pb_column][\/et_pb_row][et_pb_row _builder_version=\u00bb4.21.2&#8243; _module_preset=\u00bbdefault\u00bb global_colors_info=\u00bb{}\u00bb][et_pb_column type=\u00bb4_4&#8243; _builder_version=\u00bb4.21.2&#8243; _module_preset=\u00bbdefault\u00bb global_colors_info=\u00bb{}\u00bb][et_pb_accordion _builder_version=\u00bb4.21.2&#8243; _module_preset=\u00bbdefault\u00bb global_colors_info=\u00bb{}\u00bb][et_pb_accordion_item title=\u00bbVertido cero y nuevos recursos de abastecimiento a la Costa Brava\u00bb open=\u00bbon\u00bb _builder_version=\u00bb4.21.2&#8243; _module_preset=\u00bbdefault\u00bb link_option_url_new_window=\u00bbon\u00bb global_colors_info=\u00bb{}\u00bb]<\/p>\n<p id=\"tw-target-text\" class=\"tw-data-text tw-text-large tw-ta\" dir=\"ltr\" data-placeholder=\"Traducci\u00f3\" data-ved=\"2ahUKEwi7_YmK9pCCAxWsZ_EDHR8mCUwQ3ewLegQIChAQ\"><span class=\"Y2IQFc\" lang=\"es\">A cargo de Lluis Sala, jefe del servicio de abastecimiento y regeneraci\u00f3n del Consorcio de Aguas Costa Brava Girona <\/span><\/p>\n<p class=\"tw-data-text tw-text-large tw-ta\" dir=\"ltr\" data-placeholder=\"Traducci\u00f3\" data-ved=\"2ahUKEwi7_YmK9pCCAxWsZ_EDHR8mCUwQ3ewLegQIChAQ\"><span class=\"Y2IQFc\" lang=\"es\">Lluis Sala es licenciado en biolog\u00eda, y desde 1989 ha trabajado en varios proyectos de regeneraci\u00f3n de agua, y ha sido autor de diversas publicaciones nacionales e internacionales sobre la regeneraci\u00f3n del agua y la sostenibilidad de la gesti\u00f3n de los recursos h\u00eddricos. Desde el a\u00f1o 2019 es el jefe de servicio de Abastecimiento y Regeneraci\u00f3n de Agua del Consorcio de Aguas Costa Brava Girona. <\/span><\/p>\n<p class=\"tw-data-text tw-text-large tw-ta\" dir=\"ltr\" data-placeholder=\"Traducci\u00f3\" data-ved=\"2ahUKEwi7_YmK9pCCAxWsZ_EDHR8mCUwQ3ewLegQIChAQ\"><a href=\"https:\/\/www.aiguesmanresa.cat\/wp-content\/uploads\/2023\/10\/LLUIS-SALA_Jornada-tecnica-Manresa.pdf\"><span class=\"Y2IQFc\" lang=\"es\">Vertido cero y nuevos recursos de abastecimiento a la Costa Brava<\/span><\/a><\/p>\n<p>[\/et_pb_accordion_item][et_pb_accordion_item title=\u00bbGesti\u00f3n sostenible del agua en la industria qu\u00edmica de Tarragona\u00bb _builder_version=\u00bb4.21.2&#8243; _module_preset=\u00bbdefault\u00bb global_colors_info=\u00bb{}\u00bb open=\u00bboff\u00bb]<\/p>\n<p>A cargo de Daniel Montserrat director de AITASA. Aguas Industriales de Tarragona.<\/p>\n<p>Daniel Montserrat es ingeniero industrial y actualmente el director de AITASA, Aguas Industriales de Tarragona, empresa donde trabaja desde 2009. Actualmente tambi\u00e9n es gerente de dixqu\u00edmicos, rack que conecta el pol\u00edgono qu\u00edmico con el puerto, coordinador de la comunidad de bienes de racks de la zona sur, miembro de la junta directiva del cluster CHEMMED, y profesor del m\u00e1ster de Herramientas para el Desarrollo Profesional en la Industria.<\/p>\n<p><a href=\"https:\/\/www.aiguesmanresa.cat\/wp-content\/uploads\/2023\/10\/Presentacio-AITASA-3a-jornada-tecnica-de-laigua-Manresa-19-10-23.pdf\">Gesti\u00f3n sostenible del agua en la industria qu\u00edmica de Tarragona<\/a><\/p>\n<p>[\/et_pb_accordion_item][et_pb_accordion_item title=\u00bbTecnolog\u00edas innovadoras para la reutilizaci\u00f3n de aguas grises\u00bb _builder_version=\u00bb4.21.2&#8243; _module_preset=\u00bbdefault\u00bb global_colors_info=\u00bb{}\u00bb open=\u00bboff\u00bb]<\/p>\n<p>A cargo de Gianluigi Buttiglieri, Investigador senior del ICRA.<\/p>\n<p id=\"tw-target-text\" class=\"tw-data-text tw-text-large tw-ta\" dir=\"ltr\" data-placeholder=\"Traducci\u00f3\" data-ved=\"2ahUKEwi7_YmK9pCCAxWsZ_EDHR8mCUwQ3ewLegQIChAQ\"><span class=\"Y2IQFc\" lang=\"es\">Gianluigi Buttiglieri es investigador en el \u00c1rea de Evaluaci\u00f3n y Tecnolog\u00edas del Instituto Catal\u00e1n de Investigaci\u00f3n del Agua de Girona junto con Joaquim Comas que tambi\u00e9n es catedr\u00e1tico de Ingenier\u00eda Qu\u00edmica de la Universidad de Girona.<\/span><\/p>\n<p id=\"tw-target-text\" class=\"tw-data-text tw-text-large tw-ta\" dir=\"ltr\" data-placeholder=\"Traducci\u00f3\" data-ved=\"2ahUKEwi7_YmK9pCCAxWsZ_EDHR8mCUwQ3ewLegQIChAQ\"><span class=\"Y2IQFc\" lang=\"es\">Actualmente la actividad investigadora del grupo se centra en sistemas centralizados y descentralizados, incluidas soluciones basadas en la naturaleza y tecnolog\u00edas de membrana, para el tratamiento y reutilizaci\u00f3n de aguas residuales y grises y con enfoque sobre el destino de microcontaminantes org\u00e1nicos, la evaluaci\u00f3n de riesgo por la salud humana as\u00ed como sistemas de ayudas a la decisi\u00f3n.<\/span><\/p>\n<p id=\"tw-target-text\" class=\"tw-data-text tw-text-large tw-ta\" dir=\"ltr\" data-placeholder=\"Traducci\u00f3\" data-ved=\"2ahUKEwi7_YmK9pCCAxWsZ_EDHR8mCUwQ3ewLegQIChAQ\"><a href=\"https:\/\/www.aiguesmanresa.cat\/wp-content\/uploads\/2023\/10\/3a-Jornada-de-laigua-ICRA_Buttiglieri_FINAL.pdf\"><span class=\"Y2IQFc\" lang=\"es\">Tecnolog\u00edas innovadoras para la reutilizaci\u00f3n de aguas grises<\/span><\/a><\/p>\n<p>[\/et_pb_accordion_item][et_pb_accordion_item title=\u00bbAplicaci\u00f3n de gemelos digitales por la supervisi\u00f3n y control del riego.\u00bb _builder_version=\u00bb4.21.2&#8243; _module_preset=\u00bbdefault\u00bb global_colors_info=\u00bb{}\u00bb open=\u00bboff\u00bb]<\/p>\n<p id=\"tw-target-text\" class=\"tw-data-text tw-text-large tw-ta\" dir=\"ltr\" data-placeholder=\"Traducci\u00f3\" data-ved=\"2ahUKEwi7_YmK9pCCAxWsZ_EDHR8mCUwQ3ewLegQIChAQ\"><span class=\"Y2IQFc\" lang=\"es\">A cargo de Jaume Casades\u00fas jefe del Programa de Uso Eficiente del Agua en la agricultura. IRTA<\/span><\/p>\n<p id=\"tw-target-text\" class=\"tw-data-text tw-text-large tw-ta\" dir=\"ltr\" data-placeholder=\"Traducci\u00f3\" data-ved=\"2ahUKEwi7_YmK9pCCAxWsZ_EDHR8mCUwQ3ewLegQIChAQ\"><span class=\"Y2IQFc\" lang=\"es\">Doctor en biolog\u00eda, con especialidad en fisiolog\u00eda vegetal e ingeniero inform\u00e1tico, se dedica desde 1996 al desarrollo y validaci\u00f3n de tecnolog\u00edas digitales en las \u00e1reas agr\u00edcolas y ambientales. La l\u00ednea actual de investigaci\u00f3n que sigue es la supervisi\u00f3n y control del riego soportados en gemelos digitales.<\/span><\/p>\n<p id=\"tw-target-text\" class=\"tw-data-text tw-text-large tw-ta\" dir=\"ltr\" data-placeholder=\"Traducci\u00f3\" data-ved=\"2ahUKEwi7_YmK9pCCAxWsZ_EDHR8mCUwQ3ewLegQIChAQ\"><a href=\"https:\/\/www.aiguesmanresa.cat\/wp-content\/uploads\/2023\/10\/20231019_jcasadesus_Manresa.pdf\"><span class=\"Y2IQFc\" lang=\"es\">Aplicaci\u00f3n de gemelos digitales por la supervisi\u00f3n y control del riego.<\/span><\/a><\/p>\n<p>[\/et_pb_accordion_item][et_pb_accordion_item title=\u00bbEstrategias transversales por un ciclo urbano del agua eficiente y resiliente\u00bb _builder_version=\u00bb4.21.2&#8243; _module_preset=\u00bbdefault\u00bb global_colors_info=\u00bb{}\u00bb open=\u00bboff\u00bb]<\/p>\n<p id=\"tw-target-text\" class=\"tw-data-text tw-text-large tw-ta\" dir=\"ltr\" data-placeholder=\"Traducci\u00f3\" data-ved=\"2ahUKEwi7_YmK9pCCAxWsZ_EDHR8mCUwQ3ewLegQIChAQ\"><span class=\"Y2IQFc\" lang=\"es\">A cargo de Samuel Reyes, director de la Agencia Catalana del Agua.<\/span><\/p>\n<p id=\"tw-target-text\" class=\"tw-data-text tw-text-large tw-ta\" dir=\"ltr\" data-placeholder=\"Traducci\u00f3\" data-ved=\"2ahUKEwi7_YmK9pCCAxWsZ_EDHR8mCUwQ3ewLegQIChAQ\"><span class=\"Y2IQFc\" lang=\"es\">Licenciado en Ciencias Ambientales por la Universidad de Girona. Tiene m\u00e1s de 12 a\u00f1os de experiencia en el \u00e1mbito del medio ambiente y los servicios p\u00fablicos, siete de ellos ocupando cargos de responsabilidad.<\/span><\/p>\n<p id=\"tw-target-text\" class=\"tw-data-text tw-text-large tw-ta\" dir=\"ltr\" data-placeholder=\"Traducci\u00f3\" data-ved=\"2ahUKEwi7_YmK9pCCAxWsZ_EDHR8mCUwQ3ewLegQIChAQ\"><span class=\"Y2IQFc\" lang=\"es\">Ha desarrollado su labor en instituciones del sector p\u00fablico y en diversas consultor\u00edas independientes del \u00e1mbito privado. Tiene una amplia experiencia en el campo de la gesti\u00f3n del agua, adquirida mediante su paso por la ACA entre 2014 y 2019, ocupando el cargo de adjunto al director. <\/span><\/p>\n<p class=\"tw-data-text tw-text-large tw-ta\" dir=\"ltr\" data-placeholder=\"Traducci\u00f3\" data-ved=\"2ahUKEwi7_YmK9pCCAxWsZ_EDHR8mCUwQ3ewLegQIChAQ\"><a href=\"https:\/\/www.aiguesmanresa.cat\/wp-content\/uploads\/2023\/10\/20231019_Manresa_Presentacio-Director-SRL_v2.pdf\"><span class=\"Y2IQFc\" lang=\"es\">Estrategias transversales por un ciclo urbano del agua eficiente y resiliente<\/span><\/a><\/p>\n<p>[\/et_pb_accordion_item][\/et_pb_accordion][\/et_pb_column][\/et_pb_row][\/et_pb_section]<\/p>\n","protected":false},"excerpt":{"rendered":"<p>\u00c9xito de asistencia en la 3a Jornada T\u00e9cnica del Agua Las ponencias dieron voz a operadores y gestores del ciclo integral del agua, centros de investigaci\u00f3n, ayuntamientos y reguladores \u00a0 La 3a Jornada T\u00e9cnica del Agua, celebrada en el palacio ferial de Manresa, ayer, 19 de octubre, fue un \u00e9xito. M\u00e1s de 120 personas se [&hellip;]<\/p>\n","protected":false},"author":4,"featured_media":10108,"comment_status":"closed","ping_status":"closed","sticky":false,"template":"","format":"standard","meta":{"_et_pb_use_builder":"on","_et_pb_old_content":"","_et_gb_content_width":"","footnotes":""},"categories":[64,65,41],"tags":[],"class_list":["post-10179","post","type-post","status-publish","format-standard","has-post-thumbnail","hentry","category-responsabilidad-social-corporativa","category-sequia","category-empresa-es"],"_links":{"self":[{"href":"https:\/\/www.aiguesmanresa.cat\/es\/wp-json\/wp\/v2\/posts\/10179","targetHints":{"allow":["GET"]}}],"collection":[{"href":"https:\/\/www.aiguesmanresa.cat\/es\/wp-json\/wp\/v2\/posts"}],"about":[{"href":"https:\/\/www.aiguesmanresa.cat\/es\/wp-json\/wp\/v2\/types\/post"}],"author":[{"embeddable":true,"href":"https:\/\/www.aiguesmanresa.cat\/es\/wp-json\/wp\/v2\/users\/4"}],"replies":[{"embeddable":true,"href":"https:\/\/www.aiguesmanresa.cat\/es\/wp-json\/wp\/v2\/comments?post=10179"}],"version-history":[{"count":0,"href":"https:\/\/www.aiguesmanresa.cat\/es\/wp-json\/wp\/v2\/posts\/10179\/revisions"}],"wp:featuredmedia":[{"embeddable":true,"href":"https:\/\/www.aiguesmanresa.cat\/es\/wp-json\/wp\/v2\/media\/10108"}],"wp:attachment":[{"href":"https:\/\/www.aiguesmanresa.cat\/es\/wp-json\/wp\/v2\/media?parent=10179"}],"wp:term":[{"taxonomy":"category","embeddable":true,"href":"https:\/\/www.aiguesmanresa.cat\/es\/wp-json\/wp\/v2\/categories?post=10179"},{"taxonomy":"post_tag","embeddable":true,"href":"https:\/\/www.aiguesmanresa.cat\/es\/wp-json\/wp\/v2\/tags?post=10179"}],"curies":[{"name":"wp","href":"https:\/\/api.w.org\/{rel}","templated":true}]}}